{"id":1789,"date":"2022-11-15T09:26:57","date_gmt":"2022-11-15T07:26:57","guid":{"rendered":"https:\/\/www.farnostrana.cz\/?p=1789"},"modified":"2022-11-15T09:26:57","modified_gmt":"2022-11-15T07:26:57","slug":"pastoracni-rada-farnosti-rana-dne-13-11-2022","status":"publish","type":"post","link":"https:\/\/www.farnostrana.cz\/?p=1789","title":{"rendered":"Pastora\u010dn\u00ed rada farnosti Ran\u00e1 dne 13. 11. 2022"},"content":{"rendered":"<p><strong>P\u0159\u00edtomn\u00ed: <\/strong>P. Ond\u0159ej Matula, E. Bro\u017ekov\u00e1, J. Kyncl, P. Sodomka, V. Pavli\u0161, L. Ad\u00e1mkov\u00e1, J. Ondrov\u00e1, M.\u00a0Kynclov\u00e1<\/p>\n<ol>\n<li><strong>Modlitba k Duchu svat\u00e9mu.<\/strong><\/li>\n<li><strong>Vzd\u011bl\u00e1v\u00e1n\u00ed \u2013 <\/strong>Prom\u011bna farnosti podle J. Mallona, kap. 5. \u2013 <strong>z\u00a0tech. d\u016fvod\u016f p\u0159elo\u017eeno na p\u0159\u00ed\u0161t\u011b<\/strong><\/li>\n<li><strong>Ohl\u00e9dnut\u00ed za prob\u011bhl\u00fdmi akcemi: <\/strong><\/li>\n<\/ol>\n<ul>\n<li><strong>Komunitn\u00ed centrum: <\/strong>setk\u00e1v\u00e1n\u00ed senior\u016f \u2013 od \u0159\u00edjna op\u011bt prob\u00edh\u00e1, v\u00fduky \u010de\u0161tiny pro uprchl\u00edky 2x t\u00fddn\u011b. Loutkohran\u00ed &#8211; 2 skupinky ka\u017ed\u00e1 1x m\u011bs\u00ed\u010dn\u011b. P\u0159edn\u00e1\u0161ka o Kub\u011b s\u00a0P. Linhartem.<\/li>\n<li><strong>Farn\u00ed den sobota 10. 9., <\/strong>m\u0161e, cimb\u00e1lovka, maso na grilu, pala\u010dinky, prom\u00edt\u00e1n\u00ed z\u00a0pr\u00e1zdnin, hry pro d\u011bti, stavba a uklizen\u00ed z\u00e1zem\u00ed<\/li>\n<li><strong>Ples \u2013 1. \u0159\u00edjna 2022<\/strong>, hudba zaji\u0161t\u011bna,<\/li>\n<\/ul>\n<p>p\u0159edtan\u010den\u00ed zaji\u0161t\u011bno, vstupn\u00e9 100K\u010d, j\u00eddlo: uzen\u00e9 \u2013 2\/2kg \u2013 nakr\u00e1jen\u00e9 \u2013 P. Sodomka; gul\u00e1\u0161, knedl\u00edky, chl\u00e9b \u2013 L. Ad\u00e1mkov\u00e1, OSA \u2013 J. Kyncl<\/p>\n<ul>\n<li><strong>P\u0159\u00edprava bi\u0159movanc\u016f od 11.9<\/strong>., z\u00a0na\u0161\u00ed farnosti 17.<\/li>\n<li><strong>K\u0159es\u0165ansk\u00e1 kav\u00e1rna<\/strong> (jako Alfa) ve Skut\u010di od 9.10., z\u00a0na\u0161\u00ed farnosti \u00fa\u010dast 8 lid\u00ed.<\/li>\n<li><strong>Duchovn\u00ed obnovy 2023 <\/strong>pro \u017eeny v\u00a0Rokoli; obnova pro mu\u017ee<\/li>\n<\/ul>\n<p><strong>4. Nov\u00e9 body k jedn\u00e1n\u00ed:<\/strong><\/p>\n<ul>\n<li><strong>Oprava zdi u kostela <\/strong>\u2013 m\u00e1me schv\u00e1len\u00ed pam\u00e1tk\u00e1\u0159\u016f, osloveny 3 firmy.<\/li>\n<li><strong>4.12. &#8211; Mikul\u00e1\u0161 v kostele<\/strong><\/li>\n<li><strong>V\u00fdstava betl\u00e9m\u016f <\/strong>\u2013 domluva organizace a propagace. \u2013 3. 12. \u2013 11. 12. (so- 13.00-16.00, ne \u2013 10.30 \u2013 16.00) \u2013 jin\u00fd term\u00edn na telefon \u2013 Ond\u0159ej, p\u0159edn\u00e1\u0161ka o betl\u00e9mech \u2013 6.12. <strong>17.00<\/strong>\u00a0 -nosit betl\u00e9my 25. a 27. 12.<\/li>\n<\/ul>\n<ul>\n<li><strong>Ror\u00e1tn\u00ed m\u0161e sv.<\/strong> \u2013 7.12. &#8211; 6.30<\/li>\n<li><strong>V\u00e1no\u010dn\u00ed bohoslu\u017eby<\/strong> \u201324.12. &#8211; 22.00, 25. 12. &#8211; Holet\u00edn \u2013 8.00, 9.30, 26.12 \u2013 9.30 + sbor, 31.12. \u2013 16.00<\/li>\n<li><strong>Zp\u00edv\u00e1n\u00ed u jesli\u010dek<\/strong> \u2013 26.12. &#8211; 15.00 \u2013 J. Ondrov\u00e1 \u2013 potom mal\u00e9 ob\u010derstven\u00ed v KC<\/li>\n<li><strong>Bi\u0159mov\u00e1n\u00ed <\/strong>\u2013 asi 25. 6. 2023 ve 14 h na Ran\u00e9 m\u0161e s\u00a0biskupem. + <strong>Farn\u00ed den 2023 <\/strong>\u2013 sl\u00edbeno maso.<\/li>\n<li><strong>Farn\u00ed pou\u0165 2023 <\/strong>\u2013 <strong>13.5.<\/strong> &#8211; Vranov u Brna a Brno, rodi\u0161t\u011b otce Ond\u0159eje (p\u0159i p\u0159\u00edle\u017eitosti jeho st\u0159\u00edbrn\u00e9ho kn\u011b\u017estv\u00ed).<\/li>\n<\/ul>\n<p><strong>5. Dal\u0161\u00ed podn\u011bty<\/strong>:<\/p>\n<p><strong>Du\u0161i\u010dky<\/strong>: 2023 \u00a01. 11. &#8211; 16.00 Holet\u00edn + h\u0159bitov, 18.00 Ran\u00e1 m\u0161e sv.<br \/><span style=\"font-size: 15px;\">\u00a0 \u00a0 \u00a0 \u00a0 \u00a0 \u00a0 \u00a0 \u00a0 \u00a0 \u00a0 \u00a0 \u00a0 \u00a0 \u00a02. 11. &#8211; 18.00 m\u0161e sv. + h\u0159bitov<\/span><\/p>\n<p>\u00a0<\/p>\n<p>\u00a0<\/p>\n<p>Dal\u0161\u00ed PRF: 12. 2. 2023 &#8211; 19.00 \u00a0\u00a0\u00a0\u00a0\u00a0\u00a0\u00a0\u00a0\u00a0\u00a0\u00a0\u00a0\u00a0\u00a0\u00a0\u00a0\u00a0\u00a0\u00a0\u00a0\u00a0\u00a0\u00a0\u00a0\u00a0\u00a0\u00a0\u00a0\u00a0\u00a0\u00a0\u00a0\u00a0\u00a0\u00a0\u00a0\u00a0\u00a0\u00a0\u00a0\u00a0\u00a0\u00a0\u00a0\u00a0\u00a0\u00a0\u00a0\u00a0\u00a0\u00a0\u00a0\u00a0\u00a0\u00a0 Zapsal: Petr Sodomka\u00a0\u00a0\u00a0\u00a0\u00a0\u00a0\u00a0\u00a0\u00a0\u00a0\u00a0<\/p>\n\n\n<p><\/p>\n","protected":false},"excerpt":{"rendered":"<p>P\u0159\u00edtomn\u00ed: P. Ond\u0159ej Matula, E. Bro\u017ekov\u00e1, J. Kyncl, P. Sodomka, V. Pavli\u0161, L. Ad\u00e1mkov\u00e1, J. Ondrov\u00e1, M.\u00a0Kynclov\u00e1 Modlitba k Duchu svat\u00e9mu. Vzd\u011bl\u00e1v\u00e1n\u00ed \u2013 Prom\u011bna farnosti podle J. Mallona, kap. 5. \u2013 z\u00a0tech. d\u016fvod\u016f p\u0159elo\u017eeno na p\u0159\u00ed\u0161t\u011b Ohl\u00e9dnut\u00ed za prob\u011bhl\u00fdmi akcemi: <a class=\"more-link\" href=\"https:\/\/www.farnostrana.cz\/?p=1789\">Cel\u00fd \u010dl\u00e1nek  <span class=\"screen-reader-text\">  Pastora\u010dn\u00ed rada farnosti Ran\u00e1 dne 13. 11. 2022<\/span><span class=\"meta-nav\">&rarr;<\/span><\/a><\/p>\n","protected":false},"author":1,"featured_media":0,"comment_status":"closed","ping_status":"open","sticky":false,"template":"","format":"standard","meta":{"_monsterinsights_skip_tracking":false,"_monsterinsights_sitenote_active":false,"_monsterinsights_sitenote_note":"","_monsterinsights_sitenote_category":0,"footnotes":""},"categories":[4],"tags":[],"class_list":["post-1789","post","type-post","status-publish","format-standard","hentry","category-pastoracni-a-ekonomicka-rada-farnosti"],"_links":{"self":[{"href":"https:\/\/www.farnostrana.cz\/index.php?rest_route=\/wp\/v2\/posts\/1789","targetHints":{"allow":["GET"]}}],"collection":[{"href":"https:\/\/www.farnostrana.cz\/index.php?rest_route=\/wp\/v2\/posts"}],"about":[{"href":"https:\/\/www.farnostrana.cz\/index.php?rest_route=\/wp\/v2\/types\/post"}],"author":[{"embeddable":true,"href":"https:\/\/www.farnostrana.cz\/index.php?rest_route=\/wp\/v2\/users\/1"}],"replies":[{"embeddable":true,"href":"https:\/\/www.farnostrana.cz\/index.php?rest_route=%2Fwp%2Fv2%2Fcomments&post=1789"}],"version-history":[{"count":1,"href":"https:\/\/www.farnostrana.cz\/index.php?rest_route=\/wp\/v2\/posts\/1789\/revisions"}],"predecessor-version":[{"id":1790,"href":"https:\/\/www.farnostrana.cz\/index.php?rest_route=\/wp\/v2\/posts\/1789\/revisions\/1790"}],"wp:attachment":[{"href":"https:\/\/www.farnostrana.cz\/index.php?rest_route=%2Fwp%2Fv2%2Fmedia&parent=1789"}],"wp:term":[{"taxonomy":"category","embeddable":true,"href":"https:\/\/www.farnostrana.cz\/index.php?rest_route=%2Fwp%2Fv2%2Fcategories&post=1789"},{"taxonomy":"post_tag","embeddable":true,"href":"https:\/\/www.farnostrana.cz\/index.php?rest_route=%2Fwp%2Fv2%2Ftags&post=1789"}],"curies":[{"name":"wp","href":"https:\/\/api.w.org\/{rel}","templated":true}]}}