{"id":1784,"date":"2022-11-12T19:25:30","date_gmt":"2022-11-12T17:25:30","guid":{"rendered":"https:\/\/www.farnostrana.cz\/?p=1784"},"modified":"2022-11-12T19:25:36","modified_gmt":"2022-11-12T17:25:36","slug":"ohlasky-33-nedele-v-mezidobi-13-11-2022","status":"publish","type":"post","link":"https:\/\/www.farnostrana.cz\/?p=1784","title":{"rendered":"Ohl\u00e1\u0161ky \u2013 33. ned\u011ble v mezidob\u00ed 13. 11. 2022"},"content":{"rendered":"\n<ul class=\"wp-block-list\">\n<li><strong>M\u0161e sv.:<\/strong>. v p\u00e1tek v&nbsp;18 h, v&nbsp;ned\u011bli v 9:30 h <strong>pro d\u011bti s&nbsp;loutkov\u00fdm k\u00e1z\u00e1n\u00edm<\/strong>.<\/li>\n\n\n\n<li><strong>Bro\u017eury Advent <\/strong>si m\u016f\u017eete vz\u00edt na stole\u010dku za p\u0159\u00edsp\u011bvek na tisk.<\/li>\n\n\n\n<li><strong>Pastora\u010dn\u00ed rada farnosti se sejde dnes v&nbsp;19 h na fa\u0159e.<\/strong><\/li>\n\n\n\n<li><strong>Komunitn\u00ed centrum P.F.X.Mimry:<\/strong> setk\u00e1n\u00ed senior\u016f v&nbsp;pond\u011bl\u00ed 14.11. od 16 h \u2013 t\u00e9ma: M\u00f3dn\u00ed salon Podolsk\u00e1.<\/li>\n\n\n\n<li><strong>P\u0159\u00ed\u0161t\u00ed ned\u011bli TICH\u00c1 sb\u00edrka <\/strong>na opravy.<\/li>\n\n\n\n<li><strong>N\u00e1bo\u017eenstv\u00ed v&nbsp;p\u00e1tek 18.11. odpad\u00e1, <\/strong>v\u011bt\u0161ina \u0161kol m\u00e1 volno.<\/li>\n\n\n\n<li><strong>V\u00fdstavu Betl\u00e9m\u016f<\/strong> z&nbsp;na\u0161ich rodin bychom r\u00e1di uspo\u0159\u00e1dali za\u010d\u00e1tkem prosince. Pros\u00edm, nab\u00eddn\u011bte!<\/li>\n\n\n\n<li><strong>Pomoc uprchl\u00edk\u016fm z&nbsp;Ukrajiny:<\/strong> ubytov\u00e1n\u00ed pro uprchl\u00edci&nbsp;je voln\u00e9. V\u00fduka \u010de\u0161tiny v&nbsp;\u00fater\u00fd a \u010dtvrtek pokra\u010duje (jezd\u00ed sem i z&nbsp;Hlinska).<\/li>\n\n\n\n<li><strong>K\u0159es\u0165ansk\u00e1 kav\u00e1rna Skute\u010d.<\/strong> Zveme na 4 ve\u010dery na gymn\u00e1ziu ve Skut\u010di, s&nbsp;ob\u010derstven\u00edm, p\u0159edn\u00e1\u0161kou a diskus\u00ed nad t\u00e9maty B\u016fh, v\u00edra, c\u00edrkev atd. Pozv\u011bte sv\u00e9 zn\u00e1m\u00e9, kter\u00e9 by to mohlo zaj\u00edmat. <strong>P\u0159\u00ed\u0161t\u011b 20.11. v&nbsp;17 h<\/strong>.<\/li>\n\n\n\n<li><strong>Duchovn\u00ed obnovy 2023:<\/strong> pro \u017eeny v&nbsp;Rokoli 17. \u2013 19.2. pro mu\u017ee v&nbsp;jedn\u00e1n\u00ed.<\/li>\n\n\n\n<li><strong>Katolick\u00fd t\u00fdden\u00edk:<\/strong> V&nbsp;Bahrajnu o svobod\u011b a toleranci;T\u00e9ma: Stanislav Kr\u00e1tk\u00fd; Perspektivy: K&nbsp;synod\u00e1ln\u00ed prom\u011bn\u011b c\u00edrkve; rozhovor s&nbsp;kriminologem Petrem Pojmanem; Doma: Samota.<\/li>\n<\/ul>\n","protected":false},"excerpt":{"rendered":"","protected":false},"author":1,"featured_media":0,"comment_status":"closed","ping_status":"open","sticky":false,"template":"","format":"standard","meta":{"_monsterinsights_skip_tracking":false,"_monsterinsights_sitenote_active":false,"_monsterinsights_sitenote_note":"","_monsterinsights_sitenote_category":0,"footnotes":""},"categories":[3],"tags":[],"class_list":["post-1784","post","type-post","status-publish","format-standard","hentry","category-ohlasky"],"_links":{"self":[{"href":"https:\/\/www.farnostrana.cz\/index.php?rest_route=\/wp\/v2\/posts\/1784","targetHints":{"allow":["GET"]}}],"collection":[{"href":"https:\/\/www.farnostrana.cz\/index.php?rest_route=\/wp\/v2\/posts"}],"about":[{"href":"https:\/\/www.farnostrana.cz\/index.php?rest_route=\/wp\/v2\/types\/post"}],"author":[{"embeddable":true,"href":"https:\/\/www.farnostrana.cz\/index.php?rest_route=\/wp\/v2\/users\/1"}],"replies":[{"embeddable":true,"href":"https:\/\/www.farnostrana.cz\/index.php?rest_route=%2Fwp%2Fv2%2Fcomments&post=1784"}],"version-history":[{"count":1,"href":"https:\/\/www.farnostrana.cz\/index.php?rest_route=\/wp\/v2\/posts\/1784\/revisions"}],"predecessor-version":[{"id":1785,"href":"https:\/\/www.farnostrana.cz\/index.php?rest_route=\/wp\/v2\/posts\/1784\/revisions\/1785"}],"wp:attachment":[{"href":"https:\/\/www.farnostrana.cz\/index.php?rest_route=%2Fwp%2Fv2%2Fmedia&parent=1784"}],"wp:term":[{"taxonomy":"category","embeddable":true,"href":"https:\/\/www.farnostrana.cz\/index.php?rest_route=%2Fwp%2Fv2%2Fcategories&post=1784"},{"taxonomy":"post_tag","embeddable":true,"href":"https:\/\/www.farnostrana.cz\/index.php?rest_route=%2Fwp%2Fv2%2Ftags&post=1784"}],"curies":[{"name":"wp","href":"https:\/\/api.w.org\/{rel}","templated":true}]}}