{"id":1779,"date":"2022-11-05T10:36:52","date_gmt":"2022-11-05T08:36:52","guid":{"rendered":"https:\/\/www.farnostrana.cz\/?p=1779"},"modified":"2022-11-05T10:37:21","modified_gmt":"2022-11-05T08:37:21","slug":"ohlasky-32-nedele-v-mezidobi-6-11-2022","status":"publish","type":"post","link":"https:\/\/www.farnostrana.cz\/?p=1779","title":{"rendered":"Ohl\u00e1\u0161ky \u2013 32. ned\u011ble v mezidob\u00ed 6. 11. 2022"},"content":{"rendered":"\n<ul class=\"wp-block-list\">\n<li><strong>M\u0161e sv.:<\/strong>. v p\u00e1tek v\u00a018 h, v\u00a0ned\u011bli v 9:30 h.<\/li>\n\n\n\n<li><strong>Tento t\u00fdden jsem na exercici\u00edch, <\/strong>zastupuje P. Petr Vt\u00edpil. N\u00e1bo\u017eenstv\u00ed odpad\u00e1.<\/li>\n\n\n\n<li><strong>Komunitn\u00ed centrum P.F.X.Mimry:<\/strong> setk\u00e1n\u00ed senior\u016f v\u00a0pond\u011bl\u00ed 14.11. od 16 h \u2013 t\u00e9ma: M\u00f3dn\u00ed salon Podolsk\u00e1.<\/li>\n\n\n\n<li><strong>V\u00fdstavu Betl\u00e9m\u016f<\/strong> z\u00a0na\u0161ich rodin bychom r\u00e1di uspo\u0159\u00e1dali za\u010d\u00e1tkem prosince. Pros\u00edm, nab\u00eddn\u011bte!<\/li>\n\n\n\n<li><strong>Pomoc uprchl\u00edk\u016fm z\u00a0Ukrajiny:<\/strong> ubytov\u00e1n\u00ed pro uprchl\u00edci\u00a0je voln\u00e9. V\u00fduka \u010de\u0161tiny v\u00a0\u00fater\u00fd a \u010dtvrtek pokra\u010duje (jezd\u00ed sem i z\u00a0Hlinska).<\/li>\n\n\n\n<li><strong>K\u0159es\u0165ansk\u00e1 kav\u00e1rna Skute\u010d.<\/strong> Zveme na 4 ve\u010dery na gymn\u00e1ziu ve Skut\u010di, s\u00a0ob\u010derstven\u00edm, p\u0159edn\u00e1\u0161kou a diskus\u00ed nad t\u00e9maty B\u016fh, v\u00edra, c\u00edrkev atd. Pozv\u011bte sv\u00e9 zn\u00e1m\u00e9, kter\u00e9 by to mohlo zaj\u00edmat. <strong>P\u0159\u00ed\u0161t\u011b 20.11. v\u00a017 h<\/strong>.<\/li>\n\n\n\n<li><strong>Duchovn\u00ed obnovy 2023:<\/strong> pro \u017eeny v\u00a0Rokoli 17. \u2013 19.2. pro mu\u017ee v\u00a0jedn\u00e1n\u00ed.<\/li>\n\n\n\n<li><strong>Pastora\u010dn\u00ed rada farnosti se sejde v\u00a0ned\u011bli 13.11. v\u00a019 h.<\/strong><\/li>\n\n\n\n<li><strong>Farn\u00ed sbor C\u010cE Hlinsko<\/strong> <strong>zve na p\u0159edn\u00e1\u0161ku prof. Pavla Ho\u0161ka: Komensk\u00fd<\/strong> \u2013 u\u010ditel n\u00e1rod\u016f? V\u00a0sobotu 12.11. v\u00a018 h v\u00a0modlitebn\u011b Na tvrzi.<\/li>\n\n\n\n<li><strong>Katolick\u00fd t\u00fdden\u00edk:<\/strong> Pape\u017e v\u00a0Persk\u00e9m z\u00e1livu;T\u00e9ma: 10 let c\u00edrkevn\u00edch restituc\u00ed; Perspektivy: Otazn\u00edky u smlouvy s \u010c\u00ednou; rozhovor s\u00a0MUDr. Davidem Kachl\u00edkem; Doma: Ru\u010dn\u00ed pr\u00e1ce.<\/li>\n<\/ul>\n\n\n\n<p>\u00a0<\/p>\n\n\n\n<p>\u00a0<\/p>\n\n\n\n<p>\u00a0<\/p>\n\n\n\n<p>\u00a0<\/p>\n","protected":false},"excerpt":{"rendered":"<p>\u00a0 \u00a0 \u00a0 \u00a0<\/p>\n","protected":false},"author":1,"featured_media":0,"comment_status":"closed","ping_status":"open","sticky":false,"template":"","format":"standard","meta":{"_monsterinsights_skip_tracking":false,"_monsterinsights_sitenote_active":false,"_monsterinsights_sitenote_note":"","_monsterinsights_sitenote_category":0,"footnotes":""},"categories":[3],"tags":[],"class_list":["post-1779","post","type-post","status-publish","format-standard","hentry","category-ohlasky"],"_links":{"self":[{"href":"https:\/\/www.farnostrana.cz\/index.php?rest_route=\/wp\/v2\/posts\/1779","targetHints":{"allow":["GET"]}}],"collection":[{"href":"https:\/\/www.farnostrana.cz\/index.php?rest_route=\/wp\/v2\/posts"}],"about":[{"href":"https:\/\/www.farnostrana.cz\/index.php?rest_route=\/wp\/v2\/types\/post"}],"author":[{"embeddable":true,"href":"https:\/\/www.farnostrana.cz\/index.php?rest_route=\/wp\/v2\/users\/1"}],"replies":[{"embeddable":true,"href":"https:\/\/www.farnostrana.cz\/index.php?rest_route=%2Fwp%2Fv2%2Fcomments&post=1779"}],"version-history":[{"count":1,"href":"https:\/\/www.farnostrana.cz\/index.php?rest_route=\/wp\/v2\/posts\/1779\/revisions"}],"predecessor-version":[{"id":1780,"href":"https:\/\/www.farnostrana.cz\/index.php?rest_route=\/wp\/v2\/posts\/1779\/revisions\/1780"}],"wp:attachment":[{"href":"https:\/\/www.farnostrana.cz\/index.php?rest_route=%2Fwp%2Fv2%2Fmedia&parent=1779"}],"wp:term":[{"taxonomy":"category","embeddable":true,"href":"https:\/\/www.farnostrana.cz\/index.php?rest_route=%2Fwp%2Fv2%2Fcategories&post=1779"},{"taxonomy":"post_tag","embeddable":true,"href":"https:\/\/www.farnostrana.cz\/index.php?rest_route=%2Fwp%2Fv2%2Ftags&post=1779"}],"curies":[{"name":"wp","href":"https:\/\/api.w.org\/{rel}","templated":true}]}}