{"id":1771,"date":"2022-10-08T20:34:17","date_gmt":"2022-10-08T18:34:17","guid":{"rendered":"https:\/\/www.farnostrana.cz\/?p=1771"},"modified":"2022-10-08T20:34:30","modified_gmt":"2022-10-08T18:34:30","slug":"ohlasky-28-nedele-v-mezidobi-9-10-2022","status":"publish","type":"post","link":"https:\/\/www.farnostrana.cz\/?p=1771","title":{"rendered":"Ohl\u00e1\u0161ky \u2013 28. ned\u011ble v mezidob\u00ed 9. 10. 2022"},"content":{"rendered":"\n<ul class=\"wp-block-list\"><li><strong>M\u0161e sv.:<\/strong> v\u00a0p\u00e1tek v\u00a018 h, v\u00a0ned\u011bli v\u00a09:30 h <strong>pro d\u011bti s\u00a0loutkov\u00fdm <\/strong>. V\u00a0sobotu ve 14 h k\u0159est Teodor Novotn\u00fd.<\/li><li><strong>R\u016f\u017eencov\u00fd m\u011bs\u00edc \u0159\u00edjen \u2013<\/strong> obnovme spole\u010dnou modlitbu v\u00a0rodin\u00e1ch i v\u00a0kostele!<\/li><li>P\u0159\u00ed\u0161t\u00ed ned\u011bli <strong>Tich\u00e1 sb\u00edrka<\/strong>.<\/li><li><strong>Komunitn\u00ed centrum P.F.X.Mimry:<\/strong> <strong>v\u00a0pond\u011bl\u00ed 10.10. v\u00a018 h beseda o Kub\u011b<\/strong> s\u00a0P.Janem Linhartem.<\/li><li><strong>V\u00fdstavu Betl\u00e9m\u016f<\/strong> z\u00a0na\u0161ich rodin bychom r\u00e1di uspo\u0159\u00e1dali za\u010d\u00e1tkem prosince. Pros\u00edm, nab\u00eddn\u011bte!<\/li><li><strong>Pomoc uprchl\u00edk\u016fm z\u00a0Ukrajiny:<\/strong> ubytov\u00e1n\u00ed pro uprchl\u00edci\u00a0je voln\u00e9. V\u00fduka \u010de\u0161tiny v\u00a0\u00fater\u00fd a \u010dtvrtek pokra\u010duje (jezd\u00ed sem i z\u00a0Hlinska).<\/li><li><strong>K\u0159es\u0165ansk\u00e1 kav\u00e1rna Skute\u010d.<\/strong> Zveme na 4 ve\u010dery na gymn\u00e1ziu ve Skut\u010di, s\u00a0ob\u010derstven\u00edm, p\u0159edn\u00e1\u0161kou a diskus\u00ed nad t\u00e9maty B\u016fh, v\u00edra, c\u00edrkev atd. Pozv\u011bte sv\u00e9 zn\u00e1m\u00e9, kter\u00e9 by to mohlo zaj\u00edmat. <strong>Za\u010d\u00edn\u00e1me 9.10. v\u00a017 h<\/strong>.<\/li><li><strong>Katolick\u00fd t\u00fdden\u00edk:<\/strong> Pape\u017e apeluje na Putina;T\u00e9ma: K\u0159ivda; Perspektivy: \u010casy se m\u011bn\u00ed a normy taky; rozhovor s\u00a0P.Vojt\u011bchem Koukalem; Doma: Duchovn\u00ed p\u00e9\u010de o vysoko\u0161kol\u00e1ky.<\/li><\/ul>\n","protected":false},"excerpt":{"rendered":"<p>M\u0161e sv.: v\u00a0p\u00e1tek v\u00a018 h, v\u00a0ned\u011bli v\u00a09:30 h pro d\u011bti s\u00a0loutkov\u00fdm . V\u00a0sobotu ve 14 h k\u0159est Teodor Novotn\u00fd. R\u016f\u017eencov\u00fd m\u011bs\u00edc \u0159\u00edjen \u2013 obnovme spole\u010dnou modlitbu v\u00a0rodin\u00e1ch i v\u00a0kostele! P\u0159\u00ed\u0161t\u00ed ned\u011bli Tich\u00e1 sb\u00edrka. Komunitn\u00ed centrum P.F.X.Mimry: v\u00a0pond\u011bl\u00ed 10.10. v\u00a018 h <a class=\"more-link\" href=\"https:\/\/www.farnostrana.cz\/?p=1771\">Cel\u00fd \u010dl\u00e1nek  <span class=\"screen-reader-text\">  Ohl\u00e1\u0161ky \u2013 28. ned\u011ble v mezidob\u00ed 9. 10. 2022<\/span><span class=\"meta-nav\">&rarr;<\/span><\/a><\/p>\n","protected":false},"author":1,"featured_media":0,"comment_status":"closed","ping_status":"open","sticky":false,"template":"","format":"standard","meta":{"_monsterinsights_skip_tracking":false,"_monsterinsights_sitenote_active":false,"_monsterinsights_sitenote_note":"","_monsterinsights_sitenote_category":0,"footnotes":""},"categories":[3],"tags":[],"class_list":["post-1771","post","type-post","status-publish","format-standard","hentry","category-ohlasky"],"_links":{"self":[{"href":"https:\/\/www.farnostrana.cz\/index.php?rest_route=\/wp\/v2\/posts\/1771","targetHints":{"allow":["GET"]}}],"collection":[{"href":"https:\/\/www.farnostrana.cz\/index.php?rest_route=\/wp\/v2\/posts"}],"about":[{"href":"https:\/\/www.farnostrana.cz\/index.php?rest_route=\/wp\/v2\/types\/post"}],"author":[{"embeddable":true,"href":"https:\/\/www.farnostrana.cz\/index.php?rest_route=\/wp\/v2\/users\/1"}],"replies":[{"embeddable":true,"href":"https:\/\/www.farnostrana.cz\/index.php?rest_route=%2Fwp%2Fv2%2Fcomments&post=1771"}],"version-history":[{"count":1,"href":"https:\/\/www.farnostrana.cz\/index.php?rest_route=\/wp\/v2\/posts\/1771\/revisions"}],"predecessor-version":[{"id":1772,"href":"https:\/\/www.farnostrana.cz\/index.php?rest_route=\/wp\/v2\/posts\/1771\/revisions\/1772"}],"wp:attachment":[{"href":"https:\/\/www.farnostrana.cz\/index.php?rest_route=%2Fwp%2Fv2%2Fmedia&parent=1771"}],"wp:term":[{"taxonomy":"category","embeddable":true,"href":"https:\/\/www.farnostrana.cz\/index.php?rest_route=%2Fwp%2Fv2%2Fcategories&post=1771"},{"taxonomy":"post_tag","embeddable":true,"href":"https:\/\/www.farnostrana.cz\/index.php?rest_route=%2Fwp%2Fv2%2Ftags&post=1771"}],"curies":[{"name":"wp","href":"https:\/\/api.w.org\/{rel}","templated":true}]}}