{"id":1769,"date":"2022-10-01T13:54:33","date_gmt":"2022-10-01T11:54:33","guid":{"rendered":"https:\/\/www.farnostrana.cz\/?p=1769"},"modified":"2022-10-01T13:54:39","modified_gmt":"2022-10-01T11:54:39","slug":"ohlasky-27-nedele-v-mezidobi-2-10-2022","status":"publish","type":"post","link":"https:\/\/www.farnostrana.cz\/?p=1769","title":{"rendered":"Ohl\u00e1\u0161ky \u2013 27. ned\u011ble v mezidob\u00ed 2.10.2022"},"content":{"rendered":"\n<ul class=\"wp-block-list\"><li><strong>M\u0161e sv.:<\/strong> v&nbsp;p\u00e1tek v&nbsp;18 h s adorac\u00ed, v&nbsp;ned\u011bli v&nbsp;9:30 h <strong>Do\u017e\u00ednky<\/strong>. P\u0159\u00ed\u0161t\u00ed ned\u011bli m\u016f\u017eete p\u0159in\u00e9st vzorek v\u00fdp\u011bstk\u016f ze sv\u00fdch zahrad a pol\u00ed, abychom pod\u011bkovali Bohu.<\/li><li><strong>R\u016f\u017eencov\u00fd m\u011bs\u00edc \u0159\u00edjen \u2013<\/strong> obnovme spole\u010dnou modlitbu v&nbsp;rodin\u00e1ch i v&nbsp;kostele!<\/li><li>Tich\u00e1 sb\u00edrka vynesla 7 631 K\u010d, na c\u00edrkevn\u00ed \u0161kolstv\u00ed 5&nbsp;309K\u010d. P\u00e1n B\u016fh zapla\u0165!<\/li><li><strong>D\u011bkuji v\u0161em za pomoc p\u0159i Svatov\u00e1clavsk\u00e9m plese i&nbsp; v\u0161em d\u00e1rc\u016fm!<\/strong><\/li><li><strong>Komunitn\u00ed centrum P.F.X.Mimry:<\/strong> 10.10. beseda o Kub\u011b s&nbsp;P.Janem Linhartem.<\/li><li><strong>V\u00fdstavu Betl\u00e9m\u016f<\/strong> z&nbsp;na\u0161ich rodin bychom r\u00e1di uspo\u0159\u00e1dali za\u010d\u00e1tkem prosince. Pros\u00edm, nab\u00eddn\u011bte!<\/li><li><strong>Pomoc uprchl\u00edk\u016fm z&nbsp;Ukrajiny:<\/strong> ubytov\u00e1n\u00ed &nbsp;pro uprchl\u00edci&nbsp;je voln\u00e9. V\u00fduka \u010de\u0161tiny v&nbsp;\u00fater\u00fd a \u010dtvrtek pokra\u010duje (jezd\u00ed sem i z&nbsp;Hlinska).<\/li><li><strong>K\u0159es\u0165ansk\u00e1 kav\u00e1rna Skute\u010d.<\/strong> Zveme na 4 ve\u010dery na gymn\u00e1ziu ve Skut\u010di, s&nbsp;ob\u010derstven\u00edm, p\u0159edn\u00e1\u0161kou a diskus\u00ed nad t\u00e9maty B\u016fh, v\u00edra, c\u00edrkev atd. Pozv\u011bte sv\u00e9 zn\u00e1m\u00e9, kter\u00e9 by to mohlo zaj\u00edmat. <strong>Za\u010d\u00edn\u00e1me 9.10. v&nbsp;17 h<\/strong>.<\/li><li><strong>Katolick\u00fd t\u00fdden\u00edk: <\/strong>\u017d\u00edt evangelium v ekonomice;T\u00e9ma: Synod\u00e1ln\u00ed proces; Perspektivy: C\u00edrkev v&nbsp;dob\u011b velk\u00fdch zm\u011bn; rozhovor s&nbsp;psychologem Jaroslavem \u0160p\u00e1cem; Doma: Ekov\u00fdchova.<\/li><\/ul>\n","protected":false},"excerpt":{"rendered":"<p>M\u0161e sv.: v&nbsp;p\u00e1tek v&nbsp;18 h s adorac\u00ed, v&nbsp;ned\u011bli v&nbsp;9:30 h Do\u017e\u00ednky. P\u0159\u00ed\u0161t\u00ed ned\u011bli m\u016f\u017eete p\u0159in\u00e9st vzorek v\u00fdp\u011bstk\u016f ze sv\u00fdch zahrad a pol\u00ed, abychom pod\u011bkovali Bohu. R\u016f\u017eencov\u00fd m\u011bs\u00edc \u0159\u00edjen \u2013 obnovme spole\u010dnou modlitbu v&nbsp;rodin\u00e1ch i v&nbsp;kostele! Tich\u00e1 sb\u00edrka vynesla 7 631 <a class=\"more-link\" href=\"https:\/\/www.farnostrana.cz\/?p=1769\">Cel\u00fd \u010dl\u00e1nek  <span class=\"screen-reader-text\">  Ohl\u00e1\u0161ky \u2013 27. ned\u011ble v mezidob\u00ed 2.10.2022<\/span><span class=\"meta-nav\">&rarr;<\/span><\/a><\/p>\n","protected":false},"author":1,"featured_media":0,"comment_status":"closed","ping_status":"open","sticky":false,"template":"","format":"standard","meta":{"_monsterinsights_skip_tracking":false,"_monsterinsights_sitenote_active":false,"_monsterinsights_sitenote_note":"","_monsterinsights_sitenote_category":0,"footnotes":""},"categories":[3],"tags":[],"class_list":["post-1769","post","type-post","status-publish","format-standard","hentry","category-ohlasky"],"_links":{"self":[{"href":"https:\/\/www.farnostrana.cz\/index.php?rest_route=\/wp\/v2\/posts\/1769","targetHints":{"allow":["GET"]}}],"collection":[{"href":"https:\/\/www.farnostrana.cz\/index.php?rest_route=\/wp\/v2\/posts"}],"about":[{"href":"https:\/\/www.farnostrana.cz\/index.php?rest_route=\/wp\/v2\/types\/post"}],"author":[{"embeddable":true,"href":"https:\/\/www.farnostrana.cz\/index.php?rest_route=\/wp\/v2\/users\/1"}],"replies":[{"embeddable":true,"href":"https:\/\/www.farnostrana.cz\/index.php?rest_route=%2Fwp%2Fv2%2Fcomments&post=1769"}],"version-history":[{"count":1,"href":"https:\/\/www.farnostrana.cz\/index.php?rest_route=\/wp\/v2\/posts\/1769\/revisions"}],"predecessor-version":[{"id":1770,"href":"https:\/\/www.farnostrana.cz\/index.php?rest_route=\/wp\/v2\/posts\/1769\/revisions\/1770"}],"wp:attachment":[{"href":"https:\/\/www.farnostrana.cz\/index.php?rest_route=%2Fwp%2Fv2%2Fmedia&parent=1769"}],"wp:term":[{"taxonomy":"category","embeddable":true,"href":"https:\/\/www.farnostrana.cz\/index.php?rest_route=%2Fwp%2Fv2%2Fcategories&post=1769"},{"taxonomy":"post_tag","embeddable":true,"href":"https:\/\/www.farnostrana.cz\/index.php?rest_route=%2Fwp%2Fv2%2Ftags&post=1769"}],"curies":[{"name":"wp","href":"https:\/\/api.w.org\/{rel}","templated":true}]}}