{"id":176,"date":"2016-12-25T23:44:38","date_gmt":"2016-12-25T21:44:38","guid":{"rendered":"http:\/\/www.farnostrana.cz\/?p=176"},"modified":"2016-12-25T23:44:38","modified_gmt":"2016-12-25T21:44:38","slug":"ohlasky-na-nedeli-narozeni-pane-25-12-2016","status":"publish","type":"post","link":"https:\/\/www.farnostrana.cz\/?p=176","title":{"rendered":"Ohl\u00e1\u0161ky na ned\u011bli Narozen\u00ed P\u00e1n\u011b 25. 12. 2016"},"content":{"rendered":"<ul>\n<li><strong>D\u011bkuji <\/strong>chr\u00e1mov\u00e9mu sboru a muzikant\u016fm za doprovod v\u00e1no\u010dn\u00edch bohoslu\u017eeb, ministrant\u016fm a panu kosteln\u00edkovi za slu\u017ebu u olt\u00e1\u0159e a p\u0159\u00edpravu Betl\u00e9ma, v\u0161em dal\u0161\u00edm z\u00fa\u010dastn\u011bn\u00fdm za \u00faklid a v\u00fdzdobu. P\u00e1n B\u016fh zapla\u0165!<\/li>\n<li><strong>P\u0159ipravili jsme pro v\u00e1s PF<\/strong> \u2013 vezm\u011bte si p\u0159i odchodu z kostela.<\/li>\n<li><strong>Nov\u00e1 vjezdov\u00e1 br\u00e1na na fa\u0159e <\/strong>\u2013 d\u011bkuji p. Str\u00e1nsk\u00e9mu a dal\u0161\u00edm, kte\u0159\u00ed ji t\u00e9m\u011b\u0159 zdarma vyrobili a osadili. Druh\u00e1 br\u00e1na a nov\u00fd plot se bude d\u011blat p\u0159\u00ed\u0161t\u00ed rok.<\/li>\n<li><strong>Rozpis v\u00e1no\u010dn\u00edch bohoslu\u017eeb <\/strong>a je na v\u00fdv\u011bsce a na webov\u00fdch str\u00e1nk\u00e1ch<strong>. V\u00a0p\u00e1tek o slavnosti Svat\u00e9 Rodiny mohou man\u017eel\u00e9 obnovit sv\u00e9 sliby<\/strong>.<\/li>\n<li><strong>N\u00e1v\u0161t\u011bvy nemocn\u00fdch s\u00a0p\u0159ij\u00edm\u00e1n\u00edm sv\u00e1tost\u00ed prob\u011bhnou 28. a 29.12.<\/strong><\/li>\n<li><strong>Po\u017eehn\u00e1n\u00ed opraven\u00e9ho bytu na fa\u0159e a pod\u011bkov\u00e1n\u00ed v\u0161em, kdo pomohli se uskute\u010dn\u00ed o Silvestru 31.12. po odpoledn\u00ed m\u0161i svat\u00e9. P\u0159ijm\u011bte up\u0159\u00edmn\u00e9 pozv\u00e1n\u00ed! <\/strong><\/li>\n<li><strong>Od Nov\u00e9ho roku dojde k\u00a0v\u00fdm\u011bn\u011b z\u00e1mk\u016f na fa\u0159e. <\/strong>Kdo pot\u0159ebuje kl\u00ed\u010d (vedouc\u00ed skupin, kter\u00e9 se sch\u00e1zej\u00ed), a\u0165 se pro n\u011bj zastav\u00ed na fa\u0159e.<\/li>\n<li><strong>\u017dehn\u00e1n\u00ed byt\u016f a dom\u016f<\/strong> prob\u011bhne na za\u010d\u00e1tku ledna. Z\u00e1jemci a\u0165 se zap\u00ed\u0161\u00ed do archu u vchodu.<\/li>\n<li><strong>O \u010dem p\u00ed\u0161e Katolick\u00fd t\u00fdden\u00edk:<\/strong> Setk\u00e1n\u00ed s\u00a0Bo\u017e\u00edm d\u00edt\u011btem; Betl\u00e9m v\u00a0toku \u010dasu; Biskupov\u00e9 p\u0159ej\u00ed k\u00a0v\u00e1noc\u016fm; D\u011bti a Je\u017e\u00ed\u0161ek; V\u00e1no\u010dn\u00ed speci\u00e1l.<\/li>\n<\/ul>\n","protected":false},"excerpt":{"rendered":"<p>D\u011bkuji chr\u00e1mov\u00e9mu sboru a muzikant\u016fm za doprovod v\u00e1no\u010dn\u00edch bohoslu\u017eeb, ministrant\u016fm a panu kosteln\u00edkovi za slu\u017ebu u olt\u00e1\u0159e a p\u0159\u00edpravu Betl\u00e9ma, v\u0161em dal\u0161\u00edm z\u00fa\u010dastn\u011bn\u00fdm za \u00faklid a v\u00fdzdobu. P\u00e1n B\u016fh zapla\u0165! P\u0159ipravili jsme pro v\u00e1s PF \u2013 vezm\u011bte si p\u0159i odchodu <a class=\"more-link\" href=\"https:\/\/www.farnostrana.cz\/?p=176\">Cel\u00fd \u010dl\u00e1nek  <span class=\"screen-reader-text\">  Ohl\u00e1\u0161ky na ned\u011bli Narozen\u00ed P\u00e1n\u011b 25. 12. 2016<\/span><span class=\"meta-nav\">&rarr;<\/span><\/a><\/p>\n","protected":false},"author":1,"featured_media":0,"comment_status":"closed","ping_status":"open","sticky":false,"template":"","format":"standard","meta":{"_monsterinsights_skip_tracking":false,"_monsterinsights_sitenote_active":false,"_monsterinsights_sitenote_note":"","_monsterinsights_sitenote_category":0,"footnotes":""},"categories":[3],"tags":[],"class_list":["post-176","post","type-post","status-publish","format-standard","hentry","category-ohlasky"],"_links":{"self":[{"href":"https:\/\/www.farnostrana.cz\/index.php?rest_route=\/wp\/v2\/posts\/176","targetHints":{"allow":["GET"]}}],"collection":[{"href":"https:\/\/www.farnostrana.cz\/index.php?rest_route=\/wp\/v2\/posts"}],"about":[{"href":"https:\/\/www.farnostrana.cz\/index.php?rest_route=\/wp\/v2\/types\/post"}],"author":[{"embeddable":true,"href":"https:\/\/www.farnostrana.cz\/index.php?rest_route=\/wp\/v2\/users\/1"}],"replies":[{"embeddable":true,"href":"https:\/\/www.farnostrana.cz\/index.php?rest_route=%2Fwp%2Fv2%2Fcomments&post=176"}],"version-history":[{"count":1,"href":"https:\/\/www.farnostrana.cz\/index.php?rest_route=\/wp\/v2\/posts\/176\/revisions"}],"predecessor-version":[{"id":177,"href":"https:\/\/www.farnostrana.cz\/index.php?rest_route=\/wp\/v2\/posts\/176\/revisions\/177"}],"wp:attachment":[{"href":"https:\/\/www.farnostrana.cz\/index.php?rest_route=%2Fwp%2Fv2%2Fmedia&parent=176"}],"wp:term":[{"taxonomy":"category","embeddable":true,"href":"https:\/\/www.farnostrana.cz\/index.php?rest_route=%2Fwp%2Fv2%2Fcategories&post=176"},{"taxonomy":"post_tag","embeddable":true,"href":"https:\/\/www.farnostrana.cz\/index.php?rest_route=%2Fwp%2Fv2%2Ftags&post=176"}],"curies":[{"name":"wp","href":"https:\/\/api.w.org\/{rel}","templated":true}]}}