{"id":167,"date":"2016-12-19T13:38:47","date_gmt":"2016-12-19T11:38:47","guid":{"rendered":"http:\/\/www.farnostrana.cz\/?p=167"},"modified":"2016-12-19T13:38:47","modified_gmt":"2016-12-19T11:38:47","slug":"ohlasky-na-4-nedeli-adventni","status":"publish","type":"post","link":"https:\/\/www.farnostrana.cz\/?p=167","title":{"rendered":"Ohl\u00e1\u0161ky na 4. ned\u011bli adventn\u00ed"},"content":{"rendered":"<ul>\n<li><strong>P. Ond\u0159ej se dob\u0159e uzdravuje po \u00faraze<\/strong> a ji\u017e bude slou\u017eit m\u0161e. N\u00e1bo\u017eenstv\u00ed bude u\u010dit a\u017e po v\u00e1noc\u00edch.<\/li>\n<li><strong>Farn\u00ed Zpravodaj<\/strong> si m\u016f\u017eete vz\u00edt na stole\u010dku. N\u00e1klady na tisk 6 K\u010d. D\u011bkuji v\u0161em, kdo p\u0159isp\u011bli k\u00a0jeho vyd\u00e1n\u00ed!<\/li>\n<li>Po m\u0161i bude <strong>ministrantsk\u00e1 sch\u016fzka na fa\u0159e<\/strong>.<\/li>\n<li><strong>Osv\u011btlen\u00ed v\u00a0presbyt\u00e1\u0159i<\/strong> opravil pan Jaroslav Kyncl. Instaloval nov\u00e9 LED reflektory za 2 tis\u00edce. D\u011bkujeme!<\/li>\n<li><strong>Diec\u00e9zn\u00ed \u010dasopis Adalbert<\/strong> si m\u016f\u017eete vz\u00edt zdarma na uk\u00e1zku. Doporu\u010duji k\u00a0objedn\u00e1n\u00ed si dom\u016f.<\/li>\n<li><strong>\u017div\u00fd Betl\u00e9m <\/strong>m\u016f\u017eete shl\u00e9dnout<strong> ve Skut\u010di v\u00a0p\u00e1tek 23.12. od 15:30 h.<\/strong><\/li>\n<li><strong>Rozpis v\u00e1no\u010dn\u00edch bohoslu\u017eeb a \u010das\u016f ke zpov\u011bdi je na v\u00fdv\u011bsce a na webov\u00fdch str\u00e1nk\u00e1ch. Dnes <\/strong>m\u016f\u017eete ke <strong>zpov\u011bdi v\u00a0Holet\u00edn\u011b v\u00a0KC<\/strong> od 14 do 15 h (n\u00e1sleduje koncert) a od 16 do 18 h <strong>ve Skut\u010di<\/strong>.<\/li>\n<li><strong>Z\u00e1jemci o sv\u00e1tost bi\u0159mov\u00e1n\u00ed z\u00a0\u0159ad ml\u00e1de\u017ee od 15 let i star\u0161\u00edch ro\u010dn\u00edk\u016f<\/strong> zapisujte se u vchodu do kostela. P\u0159\u00edpravu povede P. Jan Linhart, za\u010d\u00e1tek v\u00a0lednu 2017. Bi\u0159mov\u00e1n\u00ed asi v\u00a0z\u00e1\u0159\u00ed.<\/li>\n<li><strong>Po\u017eehn\u00e1n\u00ed opraven\u00e9ho bytu na fa\u0159e a pod\u011bkov\u00e1n\u00ed v\u0161em, kdo pomohli se uskute\u010dn\u00ed o Silvestru 31.12. po odpoledn\u00ed m\u0161i svat\u00e9. P\u0159ijm\u011bte up\u0159\u00edmn\u00e9 pozv\u00e1n\u00ed! <\/strong><\/li>\n<\/ul>\n<ul>\n<li><strong>O \u010dem p\u00ed\u0161e Katolick\u00fd t\u00fdden\u00edk:<\/strong> Betl\u00e9msk\u00e9 sv\u011btlo; T\u00e9ma: Pape\u017eovy osmdes\u00e1tiny; Jak se \u017eije ve Svat\u00e9 zemi; Dlouholet\u00e1 man\u017eelstv\u00ed; pojedn\u00e1n\u00ed teolo\u017eky Ry\u0161kov\u00e9 \u201eKam se vlastn\u011b \u017eeneme?\u201c<\/li>\n<\/ul>\n","protected":false},"excerpt":{"rendered":"<p>P. Ond\u0159ej se dob\u0159e uzdravuje po \u00faraze a ji\u017e bude slou\u017eit m\u0161e. N\u00e1bo\u017eenstv\u00ed bude u\u010dit a\u017e po v\u00e1noc\u00edch. Farn\u00ed Zpravodaj si m\u016f\u017eete vz\u00edt na stole\u010dku. N\u00e1klady na tisk 6 K\u010d. D\u011bkuji v\u0161em, kdo p\u0159isp\u011bli k\u00a0jeho vyd\u00e1n\u00ed! Po m\u0161i bude ministrantsk\u00e1 <a class=\"more-link\" href=\"https:\/\/www.farnostrana.cz\/?p=167\">Cel\u00fd \u010dl\u00e1nek  <span class=\"screen-reader-text\">  Ohl\u00e1\u0161ky na 4. ned\u011bli adventn\u00ed<\/span><span class=\"meta-nav\">&rarr;<\/span><\/a><\/p>\n","protected":false},"author":2,"featured_media":0,"comment_status":"closed","ping_status":"open","sticky":false,"template":"","format":"standard","meta":{"_monsterinsights_skip_tracking":false,"_monsterinsights_sitenote_active":false,"_monsterinsights_sitenote_note":"","_monsterinsights_sitenote_category":0,"footnotes":""},"categories":[3],"tags":[],"class_list":["post-167","post","type-post","status-publish","format-standard","hentry","category-ohlasky"],"_links":{"self":[{"href":"https:\/\/www.farnostrana.cz\/index.php?rest_route=\/wp\/v2\/posts\/167","targetHints":{"allow":["GET"]}}],"collection":[{"href":"https:\/\/www.farnostrana.cz\/index.php?rest_route=\/wp\/v2\/posts"}],"about":[{"href":"https:\/\/www.farnostrana.cz\/index.php?rest_route=\/wp\/v2\/types\/post"}],"author":[{"embeddable":true,"href":"https:\/\/www.farnostrana.cz\/index.php?rest_route=\/wp\/v2\/users\/2"}],"replies":[{"embeddable":true,"href":"https:\/\/www.farnostrana.cz\/index.php?rest_route=%2Fwp%2Fv2%2Fcomments&post=167"}],"version-history":[{"count":2,"href":"https:\/\/www.farnostrana.cz\/index.php?rest_route=\/wp\/v2\/posts\/167\/revisions"}],"predecessor-version":[{"id":171,"href":"https:\/\/www.farnostrana.cz\/index.php?rest_route=\/wp\/v2\/posts\/167\/revisions\/171"}],"wp:attachment":[{"href":"https:\/\/www.farnostrana.cz\/index.php?rest_route=%2Fwp%2Fv2%2Fmedia&parent=167"}],"wp:term":[{"taxonomy":"category","embeddable":true,"href":"https:\/\/www.farnostrana.cz\/index.php?rest_route=%2Fwp%2Fv2%2Fcategories&post=167"},{"taxonomy":"post_tag","embeddable":true,"href":"https:\/\/www.farnostrana.cz\/index.php?rest_route=%2Fwp%2Fv2%2Ftags&post=167"}],"curies":[{"name":"wp","href":"https:\/\/api.w.org\/{rel}","templated":true}]}}