{"id":1604,"date":"2021-12-25T19:30:35","date_gmt":"2021-12-25T17:30:35","guid":{"rendered":"https:\/\/www.farnostrana.cz\/?p=1604"},"modified":"2021-12-25T19:30:44","modified_gmt":"2021-12-25T17:30:44","slug":"ohlasky-nedele-svate-rodiny-26-12-2021","status":"publish","type":"post","link":"https:\/\/www.farnostrana.cz\/?p=1604","title":{"rendered":"Ohl\u00e1\u0161ky \u2013 ned\u011ble Svat\u00e9 rodiny 26. 12. 2021"},"content":{"rendered":"\n<ul class=\"wp-block-list\"><li>M\u0161e sv.: v\u00e1no\u010dn\u00ed bohoslu\u017eby jsou v&nbsp;tabulce.&nbsp;<\/li><li>Jesli\u010dkov\u00e1 pobo\u017enost se zp\u00edv\u00e1n\u00edm d\u011bt\u00ed dnes v ned\u011bli od 16 h v&nbsp;kostele. Po skon\u010den\u00ed kr\u00e1tk\u00e9 posezen\u00ed v&nbsp;KC.<\/li><li>D\u011bkuji za p\u0159\u00edpravu v\u00e1no\u010dn\u00ed v\u00fdzdoby v&nbsp;kostele, \u00faklid, hudbu i liturgii.<\/li><li>R\u016f\u017eenec \u2013 p\u0159ij\u010fte v&nbsp;ned\u011bli v&nbsp;9 h!<\/li><li>Komunitn\u00ed centrum F.X.Mimry: dal\u0161\u00ed program v&nbsp;lednu.<\/li><li>Sb\u00edrka na kn\u011b\u017esk\u00fd semin\u00e1\u0159 vynesla 8&nbsp;688 K\u010d, TICH\u00c1 sb\u00edrka na opravy 8&nbsp;075 K\u010d. P\u00e1n B\u016fh zapla\u0165!&nbsp;<\/li><\/ul>\n\n\n\n<p>Katolick\u00fd t\u00fdden\u00edk: V\u00e1no\u010dn\u00ed pohled do Betl\u00e9ma; Pape\u017e slav\u00ed 85; T\u00e9ma: Dv\u011b roviny naslouch\u00e1n\u00ed; V\u00e1no\u010dn\u00ed p\u0159\u00edloha: Prvn\u00ed betl\u00e9m sv Franti\u0161ka<\/p>\n","protected":false},"excerpt":{"rendered":"<p>M\u0161e sv.: v\u00e1no\u010dn\u00ed bohoslu\u017eby jsou v&nbsp;tabulce.&nbsp; Jesli\u010dkov\u00e1 pobo\u017enost se zp\u00edv\u00e1n\u00edm d\u011bt\u00ed dnes v ned\u011bli od 16 h v&nbsp;kostele. Po skon\u010den\u00ed kr\u00e1tk\u00e9 posezen\u00ed v&nbsp;KC. D\u011bkuji za p\u0159\u00edpravu v\u00e1no\u010dn\u00ed v\u00fdzdoby v&nbsp;kostele, \u00faklid, hudbu i liturgii. R\u016f\u017eenec \u2013 p\u0159ij\u010fte v&nbsp;ned\u011bli v&nbsp;9 h! Komunitn\u00ed <a class=\"more-link\" href=\"https:\/\/www.farnostrana.cz\/?p=1604\">Cel\u00fd \u010dl\u00e1nek  <span class=\"screen-reader-text\">  Ohl\u00e1\u0161ky \u2013 ned\u011ble Svat\u00e9 rodiny 26. 12. 2021<\/span><span class=\"meta-nav\">&rarr;<\/span><\/a><\/p>\n","protected":false},"author":1,"featured_media":0,"comment_status":"closed","ping_status":"open","sticky":false,"template":"","format":"standard","meta":{"_monsterinsights_skip_tracking":false,"_monsterinsights_sitenote_active":false,"_monsterinsights_sitenote_note":"","_monsterinsights_sitenote_category":0,"footnotes":""},"categories":[3],"tags":[],"class_list":["post-1604","post","type-post","status-publish","format-standard","hentry","category-ohlasky"],"_links":{"self":[{"href":"https:\/\/www.farnostrana.cz\/index.php?rest_route=\/wp\/v2\/posts\/1604","targetHints":{"allow":["GET"]}}],"collection":[{"href":"https:\/\/www.farnostrana.cz\/index.php?rest_route=\/wp\/v2\/posts"}],"about":[{"href":"https:\/\/www.farnostrana.cz\/index.php?rest_route=\/wp\/v2\/types\/post"}],"author":[{"embeddable":true,"href":"https:\/\/www.farnostrana.cz\/index.php?rest_route=\/wp\/v2\/users\/1"}],"replies":[{"embeddable":true,"href":"https:\/\/www.farnostrana.cz\/index.php?rest_route=%2Fwp%2Fv2%2Fcomments&post=1604"}],"version-history":[{"count":1,"href":"https:\/\/www.farnostrana.cz\/index.php?rest_route=\/wp\/v2\/posts\/1604\/revisions"}],"predecessor-version":[{"id":1605,"href":"https:\/\/www.farnostrana.cz\/index.php?rest_route=\/wp\/v2\/posts\/1604\/revisions\/1605"}],"wp:attachment":[{"href":"https:\/\/www.farnostrana.cz\/index.php?rest_route=%2Fwp%2Fv2%2Fmedia&parent=1604"}],"wp:term":[{"taxonomy":"category","embeddable":true,"href":"https:\/\/www.farnostrana.cz\/index.php?rest_route=%2Fwp%2Fv2%2Fcategories&post=1604"},{"taxonomy":"post_tag","embeddable":true,"href":"https:\/\/www.farnostrana.cz\/index.php?rest_route=%2Fwp%2Fv2%2Ftags&post=1604"}],"curies":[{"name":"wp","href":"https:\/\/api.w.org\/{rel}","templated":true}]}}