{"id":1594,"date":"2021-12-11T22:22:52","date_gmt":"2021-12-11T20:22:52","guid":{"rendered":"https:\/\/www.farnostrana.cz\/?p=1594"},"modified":"2021-12-11T22:23:06","modified_gmt":"2021-12-11T20:23:06","slug":"ohlasky-3-nedele-adventni-12-12-2021","status":"publish","type":"post","link":"https:\/\/www.farnostrana.cz\/?p=1594","title":{"rendered":"Ohl\u00e1\u0161ky \u2013 3. ned\u011ble adventn\u00ed 12. 12. 2021"},"content":{"rendered":"\n<ul class=\"wp-block-list\"><li>M\u0161e sv.: v&nbsp;p\u00e1tek v&nbsp;18 h, v ned\u011bli v&nbsp; 9:30 h s&nbsp;loutkov\u00fdm k\u00e1z\u00e1n\u00edm. Po m\u0161i sch\u016fzka ministrant\u016f.<\/li><li>R\u016f\u017eenec \u2013 p\u0159ij\u010fte v&nbsp;ned\u011bli v&nbsp;9 h!.<\/li><li>Komunitn\u00ed centrum F.X.Mimry: V\u00e1no\u010dn\u00ed setk\u00e1n\u00ed pro v\u0161echny se zp\u011bvem koled a ochutn\u00e1vkou cukrov\u00ed v&nbsp;pond\u011bl\u00ed 20.12. od 16 h.<\/li><li>Dne\u0161n\u00ed sb\u00edrka je na kn\u011b\u017esk\u00fd semin\u00e1\u0159. P\u0159\u00ed\u0161t\u00ed ned\u011bli TICH\u00c1.<\/li><li>Pro rodiny s&nbsp;d\u011btmi nab\u00edz\u00edme Adventn\u00ed karti\u010dky: vezm\u011bte si pro ka\u017ed\u00e9 d\u00edt\u011b 1 pap\u00edr s&nbsp;plam\u00ednky a m\u016f\u017eete dle n\u00e1vodu A, nosit vypln\u011bn\u00e9 plam\u00ednky do kostela na n\u00e1st\u011bnku, nebo B, d\u011blat tuto aktivitu v&nbsp;r\u00e1mci rodiny. Zakon\u010den\u00ed na Bo\u017e\u00ed narozen\u00ed.<\/li><li>P\u0159edv\u00e1no\u010dn\u00ed zpov\u00edd\u00e1n\u00ed: &nbsp;v ned\u011bli 12.12. ve Skut\u010di od 15 do 18 h, zde v&nbsp;p\u00e1tek 17.12. od 15 do 18 h: v&nbsp;sakristii P.Josef Posp\u00ed\u0161il, klubovna fary P. Vladim\u00edr Janouch, KC P.Ond\u0159ej Matula.<\/li><li>N\u00e1bo\u017eenstv\u00ed bylo ji\u017e p\u0159ed v\u00e1noci p\u0159eru\u0161eno kv\u016fli covidu v&nbsp;minul\u00e9m t\u00fddnu, krom\u011b star\u0161\u00edch d\u011bt\u00ed na fa\u0159e ve Skut\u010di.<\/li><li>Katolick\u00fd t\u00fdden\u00edk: Cesta k&nbsp;pramen\u016fm bratrstv\u00ed; T\u00e9ma: Sm\u00ed\u0159en\u00ed v&nbsp;rodin\u011b; Perspektivy: \u017d\u00edt ze sv\u00e1tost\u00ed; rozhovor s&nbsp;Andreasem Mat\u00e9 T\u00f3them.<\/li><\/ul>\n","protected":false},"excerpt":{"rendered":"<p>M\u0161e sv.: v&nbsp;p\u00e1tek v&nbsp;18 h, v ned\u011bli v&nbsp; 9:30 h s&nbsp;loutkov\u00fdm k\u00e1z\u00e1n\u00edm. Po m\u0161i sch\u016fzka ministrant\u016f. R\u016f\u017eenec \u2013 p\u0159ij\u010fte v&nbsp;ned\u011bli v&nbsp;9 h!. Komunitn\u00ed centrum F.X.Mimry: V\u00e1no\u010dn\u00ed setk\u00e1n\u00ed pro v\u0161echny se zp\u011bvem koled a ochutn\u00e1vkou cukrov\u00ed v&nbsp;pond\u011bl\u00ed 20.12. od 16 h. <a class=\"more-link\" href=\"https:\/\/www.farnostrana.cz\/?p=1594\">Cel\u00fd \u010dl\u00e1nek  <span class=\"screen-reader-text\">  Ohl\u00e1\u0161ky \u2013 3. ned\u011ble adventn\u00ed 12. 12. 2021<\/span><span class=\"meta-nav\">&rarr;<\/span><\/a><\/p>\n","protected":false},"author":1,"featured_media":0,"comment_status":"closed","ping_status":"open","sticky":false,"template":"","format":"standard","meta":{"_monsterinsights_skip_tracking":false,"_monsterinsights_sitenote_active":false,"_monsterinsights_sitenote_note":"","_monsterinsights_sitenote_category":0,"footnotes":""},"categories":[3],"tags":[],"class_list":["post-1594","post","type-post","status-publish","format-standard","hentry","category-ohlasky"],"_links":{"self":[{"href":"https:\/\/www.farnostrana.cz\/index.php?rest_route=\/wp\/v2\/posts\/1594","targetHints":{"allow":["GET"]}}],"collection":[{"href":"https:\/\/www.farnostrana.cz\/index.php?rest_route=\/wp\/v2\/posts"}],"about":[{"href":"https:\/\/www.farnostrana.cz\/index.php?rest_route=\/wp\/v2\/types\/post"}],"author":[{"embeddable":true,"href":"https:\/\/www.farnostrana.cz\/index.php?rest_route=\/wp\/v2\/users\/1"}],"replies":[{"embeddable":true,"href":"https:\/\/www.farnostrana.cz\/index.php?rest_route=%2Fwp%2Fv2%2Fcomments&post=1594"}],"version-history":[{"count":1,"href":"https:\/\/www.farnostrana.cz\/index.php?rest_route=\/wp\/v2\/posts\/1594\/revisions"}],"predecessor-version":[{"id":1595,"href":"https:\/\/www.farnostrana.cz\/index.php?rest_route=\/wp\/v2\/posts\/1594\/revisions\/1595"}],"wp:attachment":[{"href":"https:\/\/www.farnostrana.cz\/index.php?rest_route=%2Fwp%2Fv2%2Fmedia&parent=1594"}],"wp:term":[{"taxonomy":"category","embeddable":true,"href":"https:\/\/www.farnostrana.cz\/index.php?rest_route=%2Fwp%2Fv2%2Fcategories&post=1594"},{"taxonomy":"post_tag","embeddable":true,"href":"https:\/\/www.farnostrana.cz\/index.php?rest_route=%2Fwp%2Fv2%2Ftags&post=1594"}],"curies":[{"name":"wp","href":"https:\/\/api.w.org\/{rel}","templated":true}]}}