{"id":1592,"date":"2021-12-04T21:22:50","date_gmt":"2021-12-04T19:22:50","guid":{"rendered":"https:\/\/www.farnostrana.cz\/?p=1592"},"modified":"2021-12-04T21:22:56","modified_gmt":"2021-12-04T19:22:56","slug":"ohlasky-2-nedele-adventni-5-12-2021","status":"publish","type":"post","link":"https:\/\/www.farnostrana.cz\/?p=1592","title":{"rendered":"Ohl\u00e1\u0161ky \u2013 2. ned\u011ble adventn\u00ed 5. 12. 2021"},"content":{"rendered":"\n<ul class=\"wp-block-list\"><li>M\u0161e sv.: ve st\u0159edu ror\u00e1tn\u00ed v&nbsp;6:30 h, v&nbsp;p\u00e1tek v&nbsp;18 h, v ned\u011bli v&nbsp; 9:30 h.&nbsp;<\/li><li>R\u016f\u017eenec \u2013 p\u0159ij\u010fte v&nbsp;ned\u011bli v&nbsp;9 h!.<\/li><li>Komunitn\u00ed centrum F.X.Mimry: Setk\u00e1n\u00ed senior\u016f do\u010dasn\u011b p\u0159eru\u0161ujeme z&nbsp;d\u016fvodu vy\u0161\u0161\u00edho rizika infekce covidu.<\/li><li>Sb\u00edrka na poji\u0161t\u011bn\u00ed budov vynesla 4802 K\u010d a Tich\u00e1 sb\u00edrka 6562 K\u010d. P\u00e1n B\u016fh zapla\u0165! P\u0159\u00ed\u0161t\u00ed ned\u011bli je sb\u00edrka na kn\u011b\u017esk\u00fd semin\u00e1\u0159.<\/li><li>Adventn\u00ed bro\u017eury si m\u016f\u017eete vz\u00edt na stole\u010dku za 30 K\u010d.<\/li><li>Pro rodiny s&nbsp;d\u011btmi nab\u00edz\u00edme Adventn\u00ed karti\u010dky: vezm\u011bte si pro ka\u017ed\u00e9 d\u00edt\u011b 1 pap\u00edr s&nbsp;plam\u00ednky a m\u016f\u017eete dle n\u00e1vodu A, nosit vypln\u011bn\u00e9 plam\u00ednky do kostela na n\u00e1st\u011bnku, nebo B, d\u011blat tuto aktivitu v&nbsp;r\u00e1mci rodiny. Zakon\u010den\u00ed na Bo\u017e\u00ed narozen\u00ed.<\/li><li>Duchovn\u00ed obnova ve Skut\u010di s&nbsp;P. Janem Regnerem bude v&nbsp;sobotu 11.12. od 9 h. Bude v&nbsp;kostele, sou\u010dasn\u011b p\u0159en\u00e1\u0161en\u00e1 online a nebude ob\u011bd.&nbsp;<\/li><li>P\u0159edv\u00e1no\u010dn\u00ed zpov\u00edd\u00e1n\u00ed: &nbsp;p\u0159\u00ed\u0161t\u00ed ned\u011bli 12.12. ve Skut\u010di od 15 do 18 h, zde v&nbsp;p\u00e1tek 17.12.<\/li><li>Adventn\u00ed ekumenickou bohoslu\u017ebu v&nbsp;Hlinsku po\u0159\u00e1daj\u00ed spole\u010dn\u011b v\u0161echny c\u00edrkve v&nbsp;pond\u011bl\u00ed v&nbsp;18 h kostele Husova sboru vedle Lidlu.<\/li><li>Katolick\u00fd t\u00fdden\u00edk: Za svobodu vyzn\u00e1n\u00ed; T\u00e9ma: Cesty k Bohu; Perspektivy: Virtu\u00f3z slova Jan Blahoslav; rozhovor s&nbsp;Ji\u0159\u00edm Lodrem; Doma: Ror\u00e1ty.<\/li><\/ul>\n","protected":false},"excerpt":{"rendered":"<p>M\u0161e sv.: ve st\u0159edu ror\u00e1tn\u00ed v&nbsp;6:30 h, v&nbsp;p\u00e1tek v&nbsp;18 h, v ned\u011bli v&nbsp; 9:30 h.&nbsp; R\u016f\u017eenec \u2013 p\u0159ij\u010fte v&nbsp;ned\u011bli v&nbsp;9 h!. Komunitn\u00ed centrum F.X.Mimry: Setk\u00e1n\u00ed senior\u016f do\u010dasn\u011b p\u0159eru\u0161ujeme z&nbsp;d\u016fvodu vy\u0161\u0161\u00edho rizika infekce covidu. Sb\u00edrka na poji\u0161t\u011bn\u00ed budov vynesla 4802 K\u010d <a class=\"more-link\" href=\"https:\/\/www.farnostrana.cz\/?p=1592\">Cel\u00fd \u010dl\u00e1nek  <span class=\"screen-reader-text\">  Ohl\u00e1\u0161ky \u2013 2. ned\u011ble adventn\u00ed 5. 12. 2021<\/span><span class=\"meta-nav\">&rarr;<\/span><\/a><\/p>\n","protected":false},"author":1,"featured_media":0,"comment_status":"closed","ping_status":"open","sticky":false,"template":"","format":"standard","meta":{"_monsterinsights_skip_tracking":false,"_monsterinsights_sitenote_active":false,"_monsterinsights_sitenote_note":"","_monsterinsights_sitenote_category":0,"footnotes":""},"categories":[3],"tags":[],"class_list":["post-1592","post","type-post","status-publish","format-standard","hentry","category-ohlasky"],"_links":{"self":[{"href":"https:\/\/www.farnostrana.cz\/index.php?rest_route=\/wp\/v2\/posts\/1592","targetHints":{"allow":["GET"]}}],"collection":[{"href":"https:\/\/www.farnostrana.cz\/index.php?rest_route=\/wp\/v2\/posts"}],"about":[{"href":"https:\/\/www.farnostrana.cz\/index.php?rest_route=\/wp\/v2\/types\/post"}],"author":[{"embeddable":true,"href":"https:\/\/www.farnostrana.cz\/index.php?rest_route=\/wp\/v2\/users\/1"}],"replies":[{"embeddable":true,"href":"https:\/\/www.farnostrana.cz\/index.php?rest_route=%2Fwp%2Fv2%2Fcomments&post=1592"}],"version-history":[{"count":1,"href":"https:\/\/www.farnostrana.cz\/index.php?rest_route=\/wp\/v2\/posts\/1592\/revisions"}],"predecessor-version":[{"id":1593,"href":"https:\/\/www.farnostrana.cz\/index.php?rest_route=\/wp\/v2\/posts\/1592\/revisions\/1593"}],"wp:attachment":[{"href":"https:\/\/www.farnostrana.cz\/index.php?rest_route=%2Fwp%2Fv2%2Fmedia&parent=1592"}],"wp:term":[{"taxonomy":"category","embeddable":true,"href":"https:\/\/www.farnostrana.cz\/index.php?rest_route=%2Fwp%2Fv2%2Fcategories&post=1592"},{"taxonomy":"post_tag","embeddable":true,"href":"https:\/\/www.farnostrana.cz\/index.php?rest_route=%2Fwp%2Fv2%2Ftags&post=1592"}],"curies":[{"name":"wp","href":"https:\/\/api.w.org\/{rel}","templated":true}]}}