{"id":157,"date":"2016-12-09T18:23:35","date_gmt":"2016-12-09T16:23:35","guid":{"rendered":"http:\/\/www.farnostrana.cz\/?p=157"},"modified":"2016-12-11T22:34:33","modified_gmt":"2016-12-11T20:34:33","slug":"ohlasky-na-3-nedeli-adventni-11-12-2016","status":"publish","type":"post","link":"https:\/\/www.farnostrana.cz\/?p=157","title":{"rendered":"Ohl\u00e1\u0161ky na 3. ned\u011bli adventn\u00ed 11. 12. 2016"},"content":{"rendered":"<ul>\n<li><strong>P. Ond\u0159ej se dob\u0159e uzdravuje po \u00faraze<\/strong> a od p\u0159\u00ed\u0161t\u00ed ned\u011ble ji\u017e bude slou\u017eit m\u0161e. N\u00e1bo\u017eenstv\u00ed do odvol\u00e1n\u00ed odpad\u00e1<\/li>\n<li><strong>Od 1. 12. je P. Ond\u0159ej Matula v\u00a0n\u00e1jmu na fa\u0159e<\/strong>. Fyzick\u00e9 nast\u011bhov\u00e1n\u00ed prob\u011bhne v\u00a0n\u00e1sleduj\u00edc\u00edch dnech. D\u011bkuji v\u0161em farn\u00edk\u016f, kte\u0159\u00ed pom\u00e1hali s\u00a0opravou bytu i s\u00a0\u00faklidem! P\u00e1n B\u016fh zapla\u0165! Jakmile bude zabydleno, budete v\u0161ichni zv\u00e1ni na n\u00e1v\u0161t\u011bvu \u2013 z\u0159ejm\u011b b\u011bhem v\u00e1noc.<\/li>\n<li><strong>P\u0159\u00ed\u0161t\u00ed ned\u011bli 18. 12. bude m\u0161e zam\u011b\u0159en\u00e1 pro d\u011bti<\/strong>. Po m\u0161i pak <strong>ministrantsk\u00e1 sch\u016fzka na fa\u0159e<\/strong>.<\/li>\n<li><strong>L\u00edstky na T\u0159\u00edkr\u00e1lov\u00fd ples <\/strong>se budou na Ran\u00e9 prod\u00e1vat <strong>dnes v ned\u011bli 11. 12. po m\u0161i<\/strong>.<\/li>\n<li><strong>Rozpis v\u00e1no\u010dn\u00edch bohoslu\u017eeb a \u010das\u016f ke zpov\u011bdi je na v\u00fdv\u011bsce a na webov\u00fdch str\u00e1nk\u00e1ch. <\/strong>Nav\u00edc m\u00e1te mo\u017enost ke <strong>zpov\u011bdi v\u00a0Holet\u00edn\u011b v\u00a0KC<\/strong> v\u00a0ned\u011bli 18. 12. od 14 do 15 h (n\u00e1sleduje koncert) a v\u00a0sobotu 17. 12. od 9 do 12 a od 14 do 17 h <strong>v\u00a0Hlinsku<\/strong>.<\/li>\n<li><strong>Z\u00e1jemci o sv\u00e1tost bi\u0159mov\u00e1n\u00ed z\u00a0\u0159ad ml\u00e1de\u017ee od 15 let i star\u0161\u00edch ro\u010dn\u00edk\u016f<\/strong> zapisujte se u vchodu do kostela. P\u0159\u00edpravu povede P. Jan Linhart, za\u010d\u00e1tek v\u00a0lednu 2017. Bi\u0159mov\u00e1n\u00ed asi v\u00a0z\u00e1\u0159\u00ed.<\/li>\n<li><strong>P\u0159\u00edprava d\u011bt\u00ed k\u00a01. svat\u00e9mu p\u0159ij\u00edm\u00e1n\u00ed<\/strong> za\u010dne na za\u010d\u00e1tku b\u0159ezna. P\u0159ipravovat se budou <strong>rodi\u010de i s\u00a0d\u011btmi. <\/strong>P\u0159i ka\u017ed\u00e9m ze 6 setk\u00e1n\u00ed dostanou rodi\u010de metodick\u00fd list pro dom\u00e1c\u00ed pr\u00e1ci. Term\u00edn p\u0159ij\u00edm\u00e1n\u00ed d\u011bt\u00ed na za\u010d\u00e1tku \u010dervna. P\u0159\u00edpravu povede P. Ond\u0159ej. <strong>Rodi\u010de pros\u00edm, aby si s\u00a0d\u011btmi promluvili, zda cht\u011bj\u00ed P\u00e1na Je\u017e\u00ed\u0161e p\u0159ij\u00edmat<\/strong>. P\u0159ihla\u0161ov\u00e1n\u00ed po v\u00e1noc\u00edch.<\/li>\n<li><strong>Na opravy fary jsme obdr\u017eeli dary <\/strong>od Male\u010dsk\u00e9 zem\u011bd\u011blsk\u00e9 50 tis., Obce Kladno 8 tis., Obce Vojt\u011bchov 25 tis., a n\u011bkolik drobn\u00fdch d\u00e1rc\u016f. P\u0159isl\u00edbeno m\u00e1me je\u0161t\u011b dal\u0161\u00ed.<br \/>\nD\u011bkuji v\u0161em a P\u00e1n B\u016fh zapla\u0165!<\/li>\n<li><strong>O \u010dem p\u00ed\u0161e Katolick\u00fd t\u00fdden\u00edk:<\/strong> Ror\u00e1ty; T\u00e9ma: Adventn\u00ed zastaven\u00ed; V\u00fdsledky dotazn\u00edk\u016f; Turn\u00e9 o Matce Tereze; Betl\u00e9msk\u00e1 v\u00fdstava v\u00a0Betl\u00e9msk\u00e9 kapli.<\/li>\n<\/ul>\n","protected":false},"excerpt":{"rendered":"<p>P. Ond\u0159ej se dob\u0159e uzdravuje po \u00faraze a od p\u0159\u00ed\u0161t\u00ed ned\u011ble ji\u017e bude slou\u017eit m\u0161e. N\u00e1bo\u017eenstv\u00ed do odvol\u00e1n\u00ed odpad\u00e1 Od 1. 12. je P. Ond\u0159ej Matula v\u00a0n\u00e1jmu na fa\u0159e. Fyzick\u00e9 nast\u011bhov\u00e1n\u00ed prob\u011bhne v\u00a0n\u00e1sleduj\u00edc\u00edch dnech. D\u011bkuji v\u0161em farn\u00edk\u016f, kte\u0159\u00ed pom\u00e1hali s\u00a0opravou <a class=\"more-link\" href=\"https:\/\/www.farnostrana.cz\/?p=157\">Cel\u00fd \u010dl\u00e1nek  <span class=\"screen-reader-text\">  Ohl\u00e1\u0161ky na 3. ned\u011bli adventn\u00ed 11. 12. 2016<\/span><span class=\"meta-nav\">&rarr;<\/span><\/a><\/p>\n","protected":false},"author":1,"featured_media":0,"comment_status":"closed","ping_status":"open","sticky":false,"template":"","format":"standard","meta":{"_monsterinsights_skip_tracking":false,"_monsterinsights_sitenote_active":false,"_monsterinsights_sitenote_note":"","_monsterinsights_sitenote_category":0,"footnotes":""},"categories":[3],"tags":[],"class_list":["post-157","post","type-post","status-publish","format-standard","hentry","category-ohlasky"],"_links":{"self":[{"href":"https:\/\/www.farnostrana.cz\/index.php?rest_route=\/wp\/v2\/posts\/157","targetHints":{"allow":["GET"]}}],"collection":[{"href":"https:\/\/www.farnostrana.cz\/index.php?rest_route=\/wp\/v2\/posts"}],"about":[{"href":"https:\/\/www.farnostrana.cz\/index.php?rest_route=\/wp\/v2\/types\/post"}],"author":[{"embeddable":true,"href":"https:\/\/www.farnostrana.cz\/index.php?rest_route=\/wp\/v2\/users\/1"}],"replies":[{"embeddable":true,"href":"https:\/\/www.farnostrana.cz\/index.php?rest_route=%2Fwp%2Fv2%2Fcomments&post=157"}],"version-history":[{"count":3,"href":"https:\/\/www.farnostrana.cz\/index.php?rest_route=\/wp\/v2\/posts\/157\/revisions"}],"predecessor-version":[{"id":163,"href":"https:\/\/www.farnostrana.cz\/index.php?rest_route=\/wp\/v2\/posts\/157\/revisions\/163"}],"wp:attachment":[{"href":"https:\/\/www.farnostrana.cz\/index.php?rest_route=%2Fwp%2Fv2%2Fmedia&parent=157"}],"wp:term":[{"taxonomy":"category","embeddable":true,"href":"https:\/\/www.farnostrana.cz\/index.php?rest_route=%2Fwp%2Fv2%2Fcategories&post=157"},{"taxonomy":"post_tag","embeddable":true,"href":"https:\/\/www.farnostrana.cz\/index.php?rest_route=%2Fwp%2Fv2%2Ftags&post=157"}],"curies":[{"name":"wp","href":"https:\/\/api.w.org\/{rel}","templated":true}]}}