{"id":153,"date":"2016-12-06T13:04:33","date_gmt":"2016-12-06T11:04:33","guid":{"rendered":"http:\/\/www.farnostrana.cz\/?p=153"},"modified":"2016-12-07T19:07:54","modified_gmt":"2016-12-07T17:07:54","slug":"ohlasky-na-2-nedeli-adventni-4-12-2016","status":"publish","type":"post","link":"https:\/\/www.farnostrana.cz\/?p=153","title":{"rendered":"Ohl\u00e1\u0161ky na 2. ned\u011bli adventn\u00ed 4. 12. 2016"},"content":{"rendered":"<ul>\n<li>V\u00a0p\u00e1tek m\u011bl P. Ond\u0159ej Matula \u00faraz nohy, z\u016fst\u00e1v\u00e1 v\u00a0dom\u00e1c\u00edm o\u0161et\u0159ov\u00e1n\u00ed, zastupuje P.\u00a0Jan Linhart<\/li>\n<li><strong>Pl\u00e1novan\u00e9 n\u00e1v\u0161t\u011bvy nemocn\u00fdch se zat\u00edm ru\u0161\u00ed<\/strong>, pokud to dovol\u00ed zdravotn\u00ed stav P.\u00a0Ond\u0159eje Matuly, budou p\u0159ed V\u00e1noci.<\/li>\n<li>Bohoslu\u017eby v\u00a0n\u00e1sleduj\u00edc\u00edm t\u00fddnu budou jako obvykle:<\/li>\n<\/ul>\n<p>P\u00e1tek \u2013 18.00 (P. Ji\u0159\u00ed Reme\u0161), Ned\u011ble \u2013 9.30<\/p>\n<ul>\n<li><strong>St\u0159eda 7. 12. &#8211; Adorace<\/strong> \u2013 20.00 \u2013 21.00<\/li>\n<li>Ohl\u00e1\u0161en\u00e9 <strong>Ror\u00e1ty<\/strong> v\u00a0n\u00e1sleduj\u00edc\u00edm t\u00fddnu <strong>nebudou<\/strong><\/li>\n<li>P\u0159\u00edle\u017eitost ke sv\u00e1tosti sm\u00ed\u0159en\u00ed p\u0159ed V\u00e1noci bude <strong>v\u00a0p\u00e1tek 16. 12. od 15.00<\/strong> na fa\u0159e (P.\u00a0Ji\u0159\u00ed Reme\u0161, P.\u00a0Ond\u0159ej Matula)<\/li>\n<li>Hodiny n\u00e1bo\u017eenstv\u00ed, kter\u00e9 vyu\u010duje P. Ond\u0159ej Matula v\u00a0n\u00e1sleduj\u00edc\u00edm t\u00fddnu, <strong>nebudou<\/strong><\/li>\n<\/ul>\n","protected":false},"excerpt":{"rendered":"<p>V\u00a0p\u00e1tek m\u011bl P. Ond\u0159ej Matula \u00faraz nohy, z\u016fst\u00e1v\u00e1 v\u00a0dom\u00e1c\u00edm o\u0161et\u0159ov\u00e1n\u00ed, zastupuje P.\u00a0Jan Linhart Pl\u00e1novan\u00e9 n\u00e1v\u0161t\u011bvy nemocn\u00fdch se zat\u00edm ru\u0161\u00ed, pokud to dovol\u00ed zdravotn\u00ed stav P.\u00a0Ond\u0159eje Matuly, budou p\u0159ed V\u00e1noci. Bohoslu\u017eby v\u00a0n\u00e1sleduj\u00edc\u00edm t\u00fddnu budou jako obvykle: P\u00e1tek \u2013 18.00 (P. Ji\u0159\u00ed <a class=\"more-link\" href=\"https:\/\/www.farnostrana.cz\/?p=153\">Cel\u00fd \u010dl\u00e1nek  <span class=\"screen-reader-text\">  Ohl\u00e1\u0161ky na 2. ned\u011bli adventn\u00ed 4. 12. 2016<\/span><span class=\"meta-nav\">&rarr;<\/span><\/a><\/p>\n","protected":false},"author":1,"featured_media":0,"comment_status":"closed","ping_status":"open","sticky":false,"template":"","format":"standard","meta":{"_monsterinsights_skip_tracking":false,"_monsterinsights_sitenote_active":false,"_monsterinsights_sitenote_note":"","_monsterinsights_sitenote_category":0,"footnotes":""},"categories":[3],"tags":[],"class_list":["post-153","post","type-post","status-publish","format-standard","hentry","category-ohlasky"],"_links":{"self":[{"href":"https:\/\/www.farnostrana.cz\/index.php?rest_route=\/wp\/v2\/posts\/153","targetHints":{"allow":["GET"]}}],"collection":[{"href":"https:\/\/www.farnostrana.cz\/index.php?rest_route=\/wp\/v2\/posts"}],"about":[{"href":"https:\/\/www.farnostrana.cz\/index.php?rest_route=\/wp\/v2\/types\/post"}],"author":[{"embeddable":true,"href":"https:\/\/www.farnostrana.cz\/index.php?rest_route=\/wp\/v2\/users\/1"}],"replies":[{"embeddable":true,"href":"https:\/\/www.farnostrana.cz\/index.php?rest_route=%2Fwp%2Fv2%2Fcomments&post=153"}],"version-history":[{"count":2,"href":"https:\/\/www.farnostrana.cz\/index.php?rest_route=\/wp\/v2\/posts\/153\/revisions"}],"predecessor-version":[{"id":156,"href":"https:\/\/www.farnostrana.cz\/index.php?rest_route=\/wp\/v2\/posts\/153\/revisions\/156"}],"wp:attachment":[{"href":"https:\/\/www.farnostrana.cz\/index.php?rest_route=%2Fwp%2Fv2%2Fmedia&parent=153"}],"wp:term":[{"taxonomy":"category","embeddable":true,"href":"https:\/\/www.farnostrana.cz\/index.php?rest_route=%2Fwp%2Fv2%2Fcategories&post=153"},{"taxonomy":"post_tag","embeddable":true,"href":"https:\/\/www.farnostrana.cz\/index.php?rest_route=%2Fwp%2Fv2%2Ftags&post=153"}],"curies":[{"name":"wp","href":"https:\/\/api.w.org\/{rel}","templated":true}]}}