{"id":1443,"date":"2021-08-30T16:56:14","date_gmt":"2021-08-30T14:56:14","guid":{"rendered":"https:\/\/www.farnostrana.cz\/?p=1443"},"modified":"2021-08-30T16:56:27","modified_gmt":"2021-08-30T14:56:27","slug":"pastoracni-rada-farnosti-rana-dne-29-8-2021","status":"publish","type":"post","link":"https:\/\/www.farnostrana.cz\/?p=1443","title":{"rendered":"Pastora\u010dn\u00ed rada farnosti Ran\u00e1 dne 29. 8. 2021"},"content":{"rendered":"\n<p>P\u0159\u00edtomn\u00ed: P. Ond\u0159ej Matula, P. Sodomka, V. Pavli\u0161, E. Bro\u017ekov\u00e1, L. Ad\u00e1mkov\u00e1, J. Ondrov\u00e1, J. Kyncl<\/p>\n\n\n\n<ol class=\"wp-block-list\"><li>Modlitba k&nbsp;Duchu svat\u00e9mu.&nbsp;<\/li><li>Vzd\u011bl\u00e1v\u00e1n\u00ed \u2013 Prom\u011bna farnosti podle J. Mallona, kap. 4.<br \/>\u2013 Klerikalismus<\/li><li>Ohl\u00e9dnut\u00ed za prob\u011bhl\u00fdmi akcemi:&nbsp;<\/li><\/ol>\n\n\n\n<ul class=\"wp-block-list\"><li>Pou\u0165 v&nbsp;Mr\u00e1kot\u00edn\u011b \u2013 p\u0159ijel gen. vik\u00e1\u0159 Paseka.&nbsp;<\/li><li>Farn\u00ed t\u00e1bor P\u00edsa\u0159ov 8. \u2013 14. 8., vedla Ver\u010da Pavli\u0161ov\u00e1 + 11 mlad\u00fdch, 22 d\u011bt\u00ed, bez probl\u00e9m\u016f,&nbsp;<\/li><\/ul>\n\n\n\n<p>-pro p\u0159\u00ed\u0161t\u00ed rok zkusit zajistit faru Nov\u00e9 Hrady \u2013 asi ne, je mal\u00e1<\/p>\n\n\n\n<p>&#8211; zkusit &#8211; Uheln\u00e1 P\u0159\u00edbram<\/p>\n\n\n\n<ul class=\"wp-block-list\"><li>KC: uzav\u0159en 2. rok udr\u017eitelnosti stanoven\u00e9 dota\u010dn\u00edm titulem. Prob\u011bhly t\u00e1bory \u00dast\u00ed nad Orlic\u00ed a Ryt\u00ed\u0159i z&nbsp;Dejvic.<\/li><li>Ministranti Labsk\u00e1 stezka \u2013 5 chlapc\u016f, bez probl\u00e9m\u016f.<\/li><\/ul>\n\n\n\n<ol class=\"wp-block-list\" start=\"4\"><li>Nov\u00e9 body k&nbsp;jedn\u00e1n\u00ed:<\/li><\/ol>\n\n\n\n<ul class=\"wp-block-list\"><li>Zav\u00edrat kostel \u2013 pr\u00e1\u0161\u00ed se!!!<\/li><li>Komunitn\u00ed centrum: anim\u00e1to\u0159i pl\u00e1nuj\u00ed od \u0159\u00edjna setk\u00e1v\u00e1n\u00ed senior\u016f ka\u017ed\u00e9 pond\u011bl\u00ed od 16 h. v\u00fdhledov\u011b tr\u00e9nov\u00e1n\u00ed pam\u011bti.&nbsp;<\/li><\/ul>\n\n\n\n<p>Bude pot\u0159eba zajistit \u00faklid po akc\u00edch; nyn\u00ed po l\u00e9t\u011b brig\u00e1du na gener\u00e1ln\u00ed \u00faklid.<\/p>\n\n\n\n<ul class=\"wp-block-list\"><li>Fara se bude malovat \u2013 bude pot\u0159eba \u00faklid.<\/li><li>R\u016f\u017eenec p\u0159ede m\u0161\u00ed \u2013v&nbsp;\u0159\u00edjnu \u010dlenov\u00e9 pastora\u010dn\u00ed rady s&nbsp;rodinou, p\u016fl hodiny p\u0159ed m\u0161\u00ed sv. p\u00e1tek a ned\u011ble. P.Ond\u0159ej oslov\u00ed jmenovit\u011b farn\u00edky s&nbsp;prosbou v\u00e9st r\u016f\u017eenec o ned\u011bl\u00edch a st\u0159\u00eddat se.<\/li><li>Lekto\u0159i \u2013 oslovit nov\u00e9 z\u00e1jemci \u2013 mo\u017enost n\u00e1cviku<\/li><li>Kurz Alfa \u2013 ve Skut\u010di, v&nbsp;z\u00e1\u0159\u00ed p\u0159\u00edprava, od \u0159\u00edjna pokra\u010dov\u00e1n\u00ed.<\/li><li>P\u0159\u00edprava d\u011bt\u00ed na 1. sv. p\u0159ij\u00edm\u00e1n\u00ed \u2013 od 12. z\u00e1\u0159\u00ed., p\u0159ij\u00edm\u00e1n\u00ed snad o v\u00e1noc\u00edch<\/li><li>Svatov\u00e1clavsk\u00fd ples 25. 9.&nbsp;<\/li><\/ul>\n\n\n\n<p>&nbsp;&nbsp;&nbsp;&nbsp;&nbsp;&nbsp;&nbsp;&nbsp;&nbsp;&nbsp;&nbsp;&nbsp;&nbsp;&nbsp;&nbsp;&nbsp;&#8211; z&nbsp;d\u016fvodu nesplniteln\u00fdch na\u0159\u00edzen\u00ed vl\u00e1dy se ru\u0161\u00ed<\/p>\n\n\n\n<ul class=\"wp-block-list\"><li>Biblick\u00e9 hodiny \u2013 od \u0159\u00edjna. Program: Modlitba, \u010cten\u00ed z&nbsp;Bible \u2013 v\u00fdklad, ned\u011bln\u00ed texty. Po 14 dnech p\u00e1tek ve\u010der.&nbsp; 24. z\u00e1\u0159\u00ed. 2021 18.45 \u2013 prvn\u00ed hodina<\/li><\/ul>\n\n\n\n<ol class=\"wp-block-list\" start=\"5\"><li>Dal\u0161\u00ed podn\u011bty:<\/li><\/ol>\n\n\n\n<ul class=\"wp-block-list\"><li>sv. bi\u0159mov\u00e1n\u00ed?&nbsp; &#8211; napl\u00e1novat p\u0159\u00edpravu<\/li><li>19. z\u00e1\u0159\u00ed \u2013 pod\u011bkov\u00e1n\u00ed za \u00farodu \u2013 v\u011bnec do ob\u011btn\u00edho pr\u016fvodu \u2013 Old\u0159etice<\/li><li>26. z\u00e1\u0159\u00ed \u2013 d\u011btsk\u00e1 m\u0161e sv. + po\u017eehn\u00e1n\u00ed mamink\u00e1m, jinak ka\u017edou 3. ned\u011bli v m\u011bs\u00edci<\/li><\/ul>\n\n\n\n<p>Dal\u0161\u00ed PRF:&nbsp; 14.11.2021<\/p>\n\n\n\n<p>Zapsal: Petr Sodomka&nbsp;<\/p>\n","protected":false},"excerpt":{"rendered":"<p>P\u0159\u00edtomn\u00ed: P. Ond\u0159ej Matula, P. Sodomka, V. Pavli\u0161, E. Bro\u017ekov\u00e1, L. Ad\u00e1mkov\u00e1, J. Ondrov\u00e1, J. Kyncl Modlitba k&nbsp;Duchu svat\u00e9mu.&nbsp; Vzd\u011bl\u00e1v\u00e1n\u00ed \u2013 Prom\u011bna farnosti podle J. Mallona, kap. 4.\u2013 Klerikalismus Ohl\u00e9dnut\u00ed za prob\u011bhl\u00fdmi akcemi:&nbsp; Pou\u0165 v&nbsp;Mr\u00e1kot\u00edn\u011b \u2013 p\u0159ijel gen. vik\u00e1\u0159 Paseka.&nbsp; <a class=\"more-link\" href=\"https:\/\/www.farnostrana.cz\/?p=1443\">Cel\u00fd \u010dl\u00e1nek  <span class=\"screen-reader-text\">  Pastora\u010dn\u00ed rada farnosti Ran\u00e1 dne 29. 8. 2021<\/span><span class=\"meta-nav\">&rarr;<\/span><\/a><\/p>\n","protected":false},"author":1,"featured_media":0,"comment_status":"closed","ping_status":"open","sticky":false,"template":"","format":"standard","meta":{"_monsterinsights_skip_tracking":false,"_monsterinsights_sitenote_active":false,"_monsterinsights_sitenote_note":"","_monsterinsights_sitenote_category":0,"footnotes":""},"categories":[4],"tags":[],"class_list":["post-1443","post","type-post","status-publish","format-standard","hentry","category-pastoracni-a-ekonomicka-rada-farnosti"],"_links":{"self":[{"href":"https:\/\/www.farnostrana.cz\/index.php?rest_route=\/wp\/v2\/posts\/1443","targetHints":{"allow":["GET"]}}],"collection":[{"href":"https:\/\/www.farnostrana.cz\/index.php?rest_route=\/wp\/v2\/posts"}],"about":[{"href":"https:\/\/www.farnostrana.cz\/index.php?rest_route=\/wp\/v2\/types\/post"}],"author":[{"embeddable":true,"href":"https:\/\/www.farnostrana.cz\/index.php?rest_route=\/wp\/v2\/users\/1"}],"replies":[{"embeddable":true,"href":"https:\/\/www.farnostrana.cz\/index.php?rest_route=%2Fwp%2Fv2%2Fcomments&post=1443"}],"version-history":[{"count":1,"href":"https:\/\/www.farnostrana.cz\/index.php?rest_route=\/wp\/v2\/posts\/1443\/revisions"}],"predecessor-version":[{"id":1444,"href":"https:\/\/www.farnostrana.cz\/index.php?rest_route=\/wp\/v2\/posts\/1443\/revisions\/1444"}],"wp:attachment":[{"href":"https:\/\/www.farnostrana.cz\/index.php?rest_route=%2Fwp%2Fv2%2Fmedia&parent=1443"}],"wp:term":[{"taxonomy":"category","embeddable":true,"href":"https:\/\/www.farnostrana.cz\/index.php?rest_route=%2Fwp%2Fv2%2Fcategories&post=1443"},{"taxonomy":"post_tag","embeddable":true,"href":"https:\/\/www.farnostrana.cz\/index.php?rest_route=%2Fwp%2Fv2%2Ftags&post=1443"}],"curies":[{"name":"wp","href":"https:\/\/api.w.org\/{rel}","templated":true}]}}