{"id":1357,"date":"2021-05-15T08:33:00","date_gmt":"2021-05-15T06:33:00","guid":{"rendered":"https:\/\/www.farnostrana.cz\/?p=1357"},"modified":"2021-05-14T08:34:18","modified_gmt":"2021-05-14T06:34:18","slug":"ohlasky-nedele-nanebevstoupeni-pane-16-5-2021","status":"publish","type":"post","link":"https:\/\/www.farnostrana.cz\/?p=1357","title":{"rendered":"Ohl\u00e1\u0161ky &#8211; ned\u011ble Nanebevstoupen\u00ed P\u00e1n\u011b 16. 5. 2021"},"content":{"rendered":"\n<ul class=\"wp-block-list\"><li><strong>M\u0161e sv.:<\/strong> v&nbsp;p\u00e1tek &nbsp;v&nbsp;18 h a v&nbsp;ned\u011bli v&nbsp;9:30 h. Na m\u0161i svatou <strong>m\u016f\u017ee nyn\u00ed ka\u017ed\u00fd<\/strong>, s&nbsp;respir\u00e1torem, desinfikovat ruce, 2 m rozestupy. \u00da\u010dast <strong>je dobrovoln\u00e1<\/strong>. Bohoslu\u017eby d\u00e1l krm\u011b dne\u0161ka vys\u00edl\u00e1me online.<\/li><li><strong>N\u00e1bo\u017eenstv\u00ed:<\/strong> pracovn\u00ed list op\u011bt ve \u010dtvrtek.<\/li><li><strong>P\u0159\u00edpravu d\u011bt\u00ed ke svat\u00e9mu p\u0159ij\u00edm\u00e1n\u00ed pl\u00e1nujeme na z\u00e1\u0159\u00ed.<\/strong><\/li><li><strong>Farn\u00ed t\u00e1bor <\/strong>pl\u00e1nujeme na<strong> 8. \u2013 14.8. na fa\u0159e v&nbsp;P\u00edsa\u0159ov\u011b. <\/strong>P\u0159ihl\u00e1\u0161ky pozd\u011bji. Ministrantsk\u00fd cyklov\u00fdlet <strong>Labsk\u00e1 stezka III bude od 23. do 27.8<\/strong>.<\/li><li><strong>P\u0159\u00ed\u0161t\u00ed ned\u011bli sb\u00edrka na pastoraci diec\u00e9ze.<\/strong><\/li><li><strong>NOCI kostel\u016f se letos nez\u00fa\u010dastn\u00edme.<\/strong><\/li><li><strong>Pros\u00edm, po\u0161lete finan\u010dn\u00ed p\u0159\u00edsp\u011bvek <\/strong>m\u00edsto sb\u00edrky<strong> na farn\u00ed \u00fa\u010det \u010d. 1143545379\/0800<\/strong>, nebo jej doneste <strong>na faru<\/strong>. D\u011bkuji!<\/li><li><strong>Komunitn\u00ed centrum F.X.Mimry: <\/strong>nov\u00e9 <strong>Tr\u00e9nov\u00e1n\u00ed pam\u011bti \u010d. 27<\/strong> si m\u016f\u017eete vyzvednout v&nbsp;p\u0159eds\u00edni kostela nebo st\u00e1hnout z&nbsp;na\u0161ich str\u00e1nek <a href=\"http:\/\/www.farnostrana.cz\">www.farnostrana.cz<\/a><\/li><li><strong>Katolick\u00fd t\u00fdden\u00edk<\/strong>: TV NOE vys\u00edl\u00e1 15 let; T\u00e9ma: sv. Jan Nepomuck\u00fd; Perspektivy: Chv\u00e1la politick\u00e9ho st\u0159edu; rozhovor s&nbsp;novin\u00e1\u0159em Ji\u0159\u00edm Zaj\u00edcem; Doma: D\u011bti v kostele.<\/li><\/ul>\n","protected":false},"excerpt":{"rendered":"<p>M\u0161e sv.: v&nbsp;p\u00e1tek &nbsp;v&nbsp;18 h a v&nbsp;ned\u011bli v&nbsp;9:30 h. Na m\u0161i svatou m\u016f\u017ee nyn\u00ed ka\u017ed\u00fd, s&nbsp;respir\u00e1torem, desinfikovat ruce, 2 m rozestupy. \u00da\u010dast je dobrovoln\u00e1. Bohoslu\u017eby d\u00e1l krm\u011b dne\u0161ka vys\u00edl\u00e1me online. N\u00e1bo\u017eenstv\u00ed: pracovn\u00ed list op\u011bt ve \u010dtvrtek. P\u0159\u00edpravu d\u011bt\u00ed ke svat\u00e9mu <a class=\"more-link\" href=\"https:\/\/www.farnostrana.cz\/?p=1357\">Cel\u00fd \u010dl\u00e1nek  <span class=\"screen-reader-text\">  Ohl\u00e1\u0161ky &#8211; ned\u011ble Nanebevstoupen\u00ed P\u00e1n\u011b 16. 5. 2021<\/span><span class=\"meta-nav\">&rarr;<\/span><\/a><\/p>\n","protected":false},"author":1,"featured_media":0,"comment_status":"closed","ping_status":"open","sticky":false,"template":"","format":"standard","meta":{"_monsterinsights_skip_tracking":false,"_monsterinsights_sitenote_active":false,"_monsterinsights_sitenote_note":"","_monsterinsights_sitenote_category":0,"footnotes":""},"categories":[3],"tags":[],"class_list":["post-1357","post","type-post","status-publish","format-standard","hentry","category-ohlasky"],"_links":{"self":[{"href":"https:\/\/www.farnostrana.cz\/index.php?rest_route=\/wp\/v2\/posts\/1357","targetHints":{"allow":["GET"]}}],"collection":[{"href":"https:\/\/www.farnostrana.cz\/index.php?rest_route=\/wp\/v2\/posts"}],"about":[{"href":"https:\/\/www.farnostrana.cz\/index.php?rest_route=\/wp\/v2\/types\/post"}],"author":[{"embeddable":true,"href":"https:\/\/www.farnostrana.cz\/index.php?rest_route=\/wp\/v2\/users\/1"}],"replies":[{"embeddable":true,"href":"https:\/\/www.farnostrana.cz\/index.php?rest_route=%2Fwp%2Fv2%2Fcomments&post=1357"}],"version-history":[{"count":1,"href":"https:\/\/www.farnostrana.cz\/index.php?rest_route=\/wp\/v2\/posts\/1357\/revisions"}],"predecessor-version":[{"id":1358,"href":"https:\/\/www.farnostrana.cz\/index.php?rest_route=\/wp\/v2\/posts\/1357\/revisions\/1358"}],"wp:attachment":[{"href":"https:\/\/www.farnostrana.cz\/index.php?rest_route=%2Fwp%2Fv2%2Fmedia&parent=1357"}],"wp:term":[{"taxonomy":"category","embeddable":true,"href":"https:\/\/www.farnostrana.cz\/index.php?rest_route=%2Fwp%2Fv2%2Fcategories&post=1357"},{"taxonomy":"post_tag","embeddable":true,"href":"https:\/\/www.farnostrana.cz\/index.php?rest_route=%2Fwp%2Fv2%2Ftags&post=1357"}],"curies":[{"name":"wp","href":"https:\/\/api.w.org\/{rel}","templated":true}]}}