{"id":127,"date":"2016-10-15T21:39:22","date_gmt":"2016-10-15T19:39:22","guid":{"rendered":"http:\/\/www.farnostrana.cz\/?p=127"},"modified":"2016-10-15T21:41:27","modified_gmt":"2016-10-15T19:41:27","slug":"ohlasky-na-29-nedeli-v-mezidobi-16-10-2016","status":"publish","type":"post","link":"https:\/\/www.farnostrana.cz\/?p=127","title":{"rendered":"Ohl\u00e1\u0161ky na 29. ned\u011bli v mezidob\u00ed 16. 10. 2016"},"content":{"rendered":"<ul>\n<li>Dnes odj\u00ed\u017ed\u00edm na exercicie na Velehrad. <strong>Nebudu zde cel\u00fd t\u00fdden<\/strong>. <strong>Zastupovat m\u011b bude P.Josef Posp\u00ed\u0161il<\/strong>. V\u00a0tomto t\u00fddnu tak\u00e9 <strong>odpad\u00e1 v\u00fduka n\u00e1bo\u017eenstv\u00ed<\/strong> (kterou u\u010d\u00edm j\u00e1). Vr\u00e1t\u00edm se v\u00a0ned\u011bli 23.10. ve\u010der<\/li>\n<li><strong>Vyhla\u0161uji brig\u00e1du v\u00a0na\u0161em lese na sobotu 29.10. Sraz v\u00a09 h<\/strong> u fary. Je t\u0159eba pok\u00e1cet 4 stromy s\u00a0k\u016frovcem a n\u011bkolik such\u00fdch. Pros\u00edm, kdo m\u016f\u017eete p\u0159ij\u00edt pomoci, vezm\u011bte i motorovou pilu nebo voz\u00edk za auto. Sva\u010dina zaji\u0161t\u011bna v\u010detn\u011b tekutin \ud83d\ude42<\/li>\n<li><strong>Zpov\u00edd\u00e1n\u00ed p\u0159ed du\u0161i\u010dkami: zde v\u00a0p\u00e1tek 28.10. od 17<\/strong> do 18 h, ve Skut\u010di v\u00a0ned\u011bli 30.10. od 15 h.<\/li>\n<li><strong>Oprava bytu na fa\u0159e:<\/strong> kamna jsou hotov\u00e1, prob\u00edh\u00e1 oprava koupelny. D\u011bkuji v\u0161em v\u00e1m, kte\u0159\u00ed pom\u00e1h\u00e1te!<\/li>\n<li><strong>Setk\u00e1n\u00ed z\u00e1stupc\u016f ekonomick\u00fdch rad farnost\u00ed a dal\u0161\u00edch z\u00e1jemc\u016f o informace hospoda\u0159en\u00ed v\u00a0diec\u00e9zi se uskute\u010dn\u00ed v\u00a0pond\u011bl\u00ed 24.10. od 16 h v\u00a0Hradci Kr\u00e1lov\u00e9<\/strong> na biskupstv\u00ed. Z\u00e1jemci a\u0165 se dop\u0159edu ohl\u00e1s\u00ed.<\/li>\n<li><strong>O \u010dem p\u00ed\u0161e Katolick\u00fd t\u00fdden\u00edk:<\/strong> Co znamen\u00e1 pravda a l\u00e1ska; St\u0159edn\u00ed Afrika se u\u010d\u00ed \u0161kolu hrou; Perspektivy \u2013Edita Steinov\u00e1; Anglik\u00e1ni u Petrova n\u00e1stupce.<\/li>\n<\/ul>\n","protected":false},"excerpt":{"rendered":"<p>Dnes odj\u00ed\u017ed\u00edm na exercicie na Velehrad. Nebudu zde cel\u00fd t\u00fdden. Zastupovat m\u011b bude P.Josef Posp\u00ed\u0161il. V\u00a0tomto t\u00fddnu tak\u00e9 odpad\u00e1 v\u00fduka n\u00e1bo\u017eenstv\u00ed (kterou u\u010d\u00edm j\u00e1). Vr\u00e1t\u00edm se v\u00a0ned\u011bli 23.10. ve\u010der Vyhla\u0161uji brig\u00e1du v\u00a0na\u0161em lese na sobotu 29.10. Sraz v\u00a09 h u <a class=\"more-link\" href=\"https:\/\/www.farnostrana.cz\/?p=127\">Cel\u00fd \u010dl\u00e1nek  <span class=\"screen-reader-text\">  Ohl\u00e1\u0161ky na 29. ned\u011bli v mezidob\u00ed 16. 10. 2016<\/span><span class=\"meta-nav\">&rarr;<\/span><\/a><\/p>\n","protected":false},"author":1,"featured_media":0,"comment_status":"closed","ping_status":"open","sticky":false,"template":"","format":"standard","meta":{"_monsterinsights_skip_tracking":false,"_monsterinsights_sitenote_active":false,"_monsterinsights_sitenote_note":"","_monsterinsights_sitenote_category":0,"footnotes":""},"categories":[3],"tags":[],"class_list":["post-127","post","type-post","status-publish","format-standard","hentry","category-ohlasky"],"_links":{"self":[{"href":"https:\/\/www.farnostrana.cz\/index.php?rest_route=\/wp\/v2\/posts\/127","targetHints":{"allow":["GET"]}}],"collection":[{"href":"https:\/\/www.farnostrana.cz\/index.php?rest_route=\/wp\/v2\/posts"}],"about":[{"href":"https:\/\/www.farnostrana.cz\/index.php?rest_route=\/wp\/v2\/types\/post"}],"author":[{"embeddable":true,"href":"https:\/\/www.farnostrana.cz\/index.php?rest_route=\/wp\/v2\/users\/1"}],"replies":[{"embeddable":true,"href":"https:\/\/www.farnostrana.cz\/index.php?rest_route=%2Fwp%2Fv2%2Fcomments&post=127"}],"version-history":[{"count":3,"href":"https:\/\/www.farnostrana.cz\/index.php?rest_route=\/wp\/v2\/posts\/127\/revisions"}],"predecessor-version":[{"id":130,"href":"https:\/\/www.farnostrana.cz\/index.php?rest_route=\/wp\/v2\/posts\/127\/revisions\/130"}],"wp:attachment":[{"href":"https:\/\/www.farnostrana.cz\/index.php?rest_route=%2Fwp%2Fv2%2Fmedia&parent=127"}],"wp:term":[{"taxonomy":"category","embeddable":true,"href":"https:\/\/www.farnostrana.cz\/index.php?rest_route=%2Fwp%2Fv2%2Fcategories&post=127"},{"taxonomy":"post_tag","embeddable":true,"href":"https:\/\/www.farnostrana.cz\/index.php?rest_route=%2Fwp%2Fv2%2Ftags&post=127"}],"curies":[{"name":"wp","href":"https:\/\/api.w.org\/{rel}","templated":true}]}}