{"id":124,"date":"2016-10-09T21:33:49","date_gmt":"2016-10-09T19:33:49","guid":{"rendered":"http:\/\/www.farnostrana.cz\/?p=124"},"modified":"2016-10-09T21:33:49","modified_gmt":"2016-10-09T19:33:49","slug":"ohlasky-na-28-nedeli-v-mezidobi-9-10-2016","status":"publish","type":"post","link":"https:\/\/www.farnostrana.cz\/?p=124","title":{"rendered":"Ohl\u00e1\u0161ky na 28. ned\u011bli v mezidob\u00ed 9.10.2016"},"content":{"rendered":"<ul>\n<li>P\u0159\u00ed\u0161t\u00ed ned\u011bli 16.10. bude nav\u00edc m\u0161e sv. <strong>v\u00a0Kladn\u011b v\u00a08 h a v\u00a011 h v\u00a0Old\u0159etic\u00edch<\/strong>.<\/li>\n<li>P\u0159\u00ed\u0161t\u00ed ned\u011bli bude na Ran\u00e9 <strong>d\u011btsk\u00e1 m\u0161e s\u00a0loutkov\u00fdm k\u00e1z\u00e1n\u00edm<\/strong>.<\/li>\n<li><strong>Setk\u00e1n\u00ed ml\u00e1de\u017ee na Ran\u00e9 prob\u011bhlo v\u00a0p\u00e1tek 7.10. na fa\u0159e<\/strong>. Mlad\u00ed si dohodli setk\u00e1v\u00e1n\u00ed ka\u017edou druhou sobotu od 17 h, p\u0159\u00ed\u0161t\u011b v\u0161ak a\u017e 5.11. Bli\u017e\u0161\u00ed informace na Facebooku!<\/li>\n<li><strong>Ned\u011bln\u00ed liturgie<\/strong> \u2013 l\u00edste\u010dky s\u00a0texty ned\u011bln\u00ed m\u0161e. M\u016f\u017eete si vz\u00edt zvl\u00e1\u0161t\u011b vy, kdo \u0161patn\u011b sly\u0161\u00edte, p\u0159ed m\u0161\u00ed svatou a nechat si je i na doma. Na zkou\u0161ku m\u00e1me 10 v\u00fdtisk\u016f asi za 1K\u010d\/ks.<\/li>\n<li><strong>R\u016f\u017eencov\u00fd m\u011bs\u00edc \u0159\u00edjen<\/strong>: P\u0159\u00e1l bych si, abychom se spole\u010dn\u011b modlili r\u016f\u017eenec p\u0159ed ka\u017edou m\u0161\u00ed svatou. Ve veden\u00ed modlitby se m\u016f\u017eeme st\u0159\u00eddat, nemus\u00ed se \u010dekat, a\u017e co ti ostatn\u00ed. P\u0159\u00e1l bych si tak\u00e9, abyste se modlili r\u016f\u017eenec v\u00a0rodin\u00e1ch. Spole\u010dn\u00e1 modlitba rodinu stmeluje a svol\u00e1v\u00e1 po\u017eehn\u00e1n\u00ed. R\u016f\u017eenec je siln\u00fd n\u00e1stroj proti zlu.<\/li>\n<li><strong>Oprava bytu na fa\u0159e:<\/strong> Podlahy jsou polo\u017een\u00e9, kamna t\u00e9m\u011b\u0159 hotov\u00e1 prob\u00edh\u00e1 oprava koupelny. D\u011bkuji v\u0161em v\u00e1m, kte\u0159\u00ed pom\u00e1h\u00e1te!<\/li>\n<li><strong>O \u010dem p\u00ed\u0161e Katolick\u00fd t\u00fdden\u00edk:<\/strong> Pape\u017e povzbudil v\u011b\u0159\u00edc\u00ed na Kavkaze; Koho vol\u00ed v\u011b\u0159\u00edc\u00ed; Rozhovor s\u00a0kardin\u00e1lem Meisnerem; Sv\u011bdectv\u00ed rukojm\u00edch z\u00a0Rouvray; M\u00e9dia \u2013 n\u00e1stroj pravdy?<\/li>\n<\/ul>\n","protected":false},"excerpt":{"rendered":"<p>P\u0159\u00ed\u0161t\u00ed ned\u011bli 16.10. bude nav\u00edc m\u0161e sv. v\u00a0Kladn\u011b v\u00a08 h a v\u00a011 h v\u00a0Old\u0159etic\u00edch. P\u0159\u00ed\u0161t\u00ed ned\u011bli bude na Ran\u00e9 d\u011btsk\u00e1 m\u0161e s\u00a0loutkov\u00fdm k\u00e1z\u00e1n\u00edm. Setk\u00e1n\u00ed ml\u00e1de\u017ee na Ran\u00e9 prob\u011bhlo v\u00a0p\u00e1tek 7.10. na fa\u0159e. Mlad\u00ed si dohodli setk\u00e1v\u00e1n\u00ed ka\u017edou druhou sobotu od <a class=\"more-link\" href=\"https:\/\/www.farnostrana.cz\/?p=124\">Cel\u00fd \u010dl\u00e1nek  <span class=\"screen-reader-text\">  Ohl\u00e1\u0161ky na 28. ned\u011bli v mezidob\u00ed 9.10.2016<\/span><span class=\"meta-nav\">&rarr;<\/span><\/a><\/p>\n","protected":false},"author":1,"featured_media":0,"comment_status":"closed","ping_status":"open","sticky":false,"template":"","format":"standard","meta":{"_monsterinsights_skip_tracking":false,"_monsterinsights_sitenote_active":false,"_monsterinsights_sitenote_note":"","_monsterinsights_sitenote_category":0,"footnotes":""},"categories":[3],"tags":[],"class_list":["post-124","post","type-post","status-publish","format-standard","hentry","category-ohlasky"],"_links":{"self":[{"href":"https:\/\/www.farnostrana.cz\/index.php?rest_route=\/wp\/v2\/posts\/124","targetHints":{"allow":["GET"]}}],"collection":[{"href":"https:\/\/www.farnostrana.cz\/index.php?rest_route=\/wp\/v2\/posts"}],"about":[{"href":"https:\/\/www.farnostrana.cz\/index.php?rest_route=\/wp\/v2\/types\/post"}],"author":[{"embeddable":true,"href":"https:\/\/www.farnostrana.cz\/index.php?rest_route=\/wp\/v2\/users\/1"}],"replies":[{"embeddable":true,"href":"https:\/\/www.farnostrana.cz\/index.php?rest_route=%2Fwp%2Fv2%2Fcomments&post=124"}],"version-history":[{"count":1,"href":"https:\/\/www.farnostrana.cz\/index.php?rest_route=\/wp\/v2\/posts\/124\/revisions"}],"predecessor-version":[{"id":125,"href":"https:\/\/www.farnostrana.cz\/index.php?rest_route=\/wp\/v2\/posts\/124\/revisions\/125"}],"wp:attachment":[{"href":"https:\/\/www.farnostrana.cz\/index.php?rest_route=%2Fwp%2Fv2%2Fmedia&parent=124"}],"wp:term":[{"taxonomy":"category","embeddable":true,"href":"https:\/\/www.farnostrana.cz\/index.php?rest_route=%2Fwp%2Fv2%2Fcategories&post=124"},{"taxonomy":"post_tag","embeddable":true,"href":"https:\/\/www.farnostrana.cz\/index.php?rest_route=%2Fwp%2Fv2%2Ftags&post=124"}],"curies":[{"name":"wp","href":"https:\/\/api.w.org\/{rel}","templated":true}]}}