{"id":1130,"date":"2021-01-02T23:08:06","date_gmt":"2021-01-02T21:08:06","guid":{"rendered":"https:\/\/www.farnostrana.cz\/?p=1130"},"modified":"2021-01-02T23:08:41","modified_gmt":"2021-01-02T21:08:41","slug":"ohlasky-slavnost-zjeveni-pane-3-1-2021","status":"publish","type":"post","link":"https:\/\/www.farnostrana.cz\/?p=1130","title":{"rendered":"Ohl\u00e1\u0161ky \u2013 slavnost Zjeven\u00ed P\u00e1n\u011b 3.1.2021"},"content":{"rendered":"\n<ul class=\"wp-block-list\"><li>M\u0161e svat\u00e9: v&nbsp;p\u00e1tek v&nbsp;18:00 h, v&nbsp;ned\u011bli v&nbsp;9:30 h.&nbsp;<\/li><li>Na m\u0161i m\u016f\u017ee p\u0159ij\u00edt nyn\u00ed&nbsp; 10%, tedy 9 lid\u00ed: rodina, za kterou se slou\u017e\u00ed, a n\u011bkolik lid\u00ed nav\u00edc. Informujte se u pana far\u00e1\u0159e. M\u0161e svat\u00e9 z&nbsp;kostela jsou p\u0159en\u00e1\u0161eny \u017eiv\u011b na Fcb a YouTube. Pokud se v\u00e1m p\u0159enos m\u0161e sv sek\u00e1, pus\u0165te si ji ze z\u00e1znamu po jej\u00edm skon\u010den\u00ed. M\u00e1me slab\u00fd Internet, \u0159e\u0161\u00edme to. Svat\u00e9 p\u0159ij\u00edm\u00e1n\u00ed se pod\u00e1v\u00e1 po skon\u010den\u00ed ka\u017ed\u00e9 m\u0161e v&nbsp;kostele 30 minut. Zpov\u00edd\u00e1n\u00ed&nbsp; na po\u017e\u00e1d\u00e1n\u00ed.&nbsp;<\/li><li>Novoro\u010dn\u00ed p\u0159\u00e1n\u00ed na\u0161\u00ed farnosti si vezm\u011bte ve vchodu do kostela.<\/li><li>V\u00e1no\u010dn\u00ed proch\u00e1zka farn\u00edm lesem \u2013 za\u010d\u00e1tek mezi Ranou a Holet\u00ednem. Trasu si m\u016f\u017eete proj\u00edt INDIVIDU\u00c1LN\u011a je\u0161t\u011b n\u011bkolik dn\u00ed. Dbejte opatrnosti kv\u016fli popadan\u00fdm strom\u016fm!<\/li><li>\u017dehn\u00e1n\u00ed dom\u016f a byt\u016f si domluvte telefonicky s&nbsp;panem far\u00e1\u0159em podle vlastn\u00ed situace (v\u0161ichni v&nbsp;rodin\u011b zdrav\u00ed).<\/li><li>D\u011bkuji 4 state\u010dn\u00fdm mu\u017e\u016fm a chlapc\u016fm za sobotn\u00ed brig\u00e1du v&nbsp;lese na odstran\u011bn\u00ed<\/li><li>D\u011bkuji dal\u0161\u00edm z&nbsp;v\u00e1s, kte\u0159\u00ed poslali na \u00fa\u010det \u010di jinak sv\u016fj p\u0159\u00edsp\u011bvek na farnost. Pros\u00edm i ostatn\u00ed, po\u0161lete sv\u016fj finan\u010dn\u00ed p\u0159\u00edsp\u011bvek m\u00edsto sb\u00edrky na farn\u00ed \u00fa\u010det \u010d. 1143545379\/0800, nebo jej doneste na faru. D\u011bkuji!<\/li><li>Komunitn\u00ed centrum F.X.Mimry: akce nejsou do skon\u010den\u00ed omezen\u00ed.<\/li><li>Katolick\u00fd t\u00fdden\u00edk: O\u010dkov\u00e1n\u00ed mor\u00e1ln\u011b p\u0159\u00edpustn\u00e9; T\u00e9ma: Prav\u00e1 radost; Perspektivy: slovo arcibiskupa Graubnera; rozhovor s&nbsp;+Mons. Adamem Rucki; Doma: \u0160kodliv\u00fd perfekcionismus.<\/li><\/ul>\n","protected":false},"excerpt":{"rendered":"<p>M\u0161e svat\u00e9: v&nbsp;p\u00e1tek v&nbsp;18:00 h, v&nbsp;ned\u011bli v&nbsp;9:30 h.&nbsp; Na m\u0161i m\u016f\u017ee p\u0159ij\u00edt nyn\u00ed&nbsp; 10%, tedy 9 lid\u00ed: rodina, za kterou se slou\u017e\u00ed, a n\u011bkolik lid\u00ed nav\u00edc. Informujte se u pana far\u00e1\u0159e. M\u0161e svat\u00e9 z&nbsp;kostela jsou p\u0159en\u00e1\u0161eny \u017eiv\u011b na Fcb a <a class=\"more-link\" href=\"https:\/\/www.farnostrana.cz\/?p=1130\">Cel\u00fd \u010dl\u00e1nek  <span class=\"screen-reader-text\">  Ohl\u00e1\u0161ky \u2013 slavnost Zjeven\u00ed P\u00e1n\u011b 3.1.2021<\/span><span class=\"meta-nav\">&rarr;<\/span><\/a><\/p>\n","protected":false},"author":1,"featured_media":0,"comment_status":"closed","ping_status":"open","sticky":false,"template":"","format":"standard","meta":{"_monsterinsights_skip_tracking":false,"_monsterinsights_sitenote_active":false,"_monsterinsights_sitenote_note":"","_monsterinsights_sitenote_category":0,"footnotes":""},"categories":[3],"tags":[],"class_list":["post-1130","post","type-post","status-publish","format-standard","hentry","category-ohlasky"],"_links":{"self":[{"href":"https:\/\/www.farnostrana.cz\/index.php?rest_route=\/wp\/v2\/posts\/1130","targetHints":{"allow":["GET"]}}],"collection":[{"href":"https:\/\/www.farnostrana.cz\/index.php?rest_route=\/wp\/v2\/posts"}],"about":[{"href":"https:\/\/www.farnostrana.cz\/index.php?rest_route=\/wp\/v2\/types\/post"}],"author":[{"embeddable":true,"href":"https:\/\/www.farnostrana.cz\/index.php?rest_route=\/wp\/v2\/users\/1"}],"replies":[{"embeddable":true,"href":"https:\/\/www.farnostrana.cz\/index.php?rest_route=%2Fwp%2Fv2%2Fcomments&post=1130"}],"version-history":[{"count":1,"href":"https:\/\/www.farnostrana.cz\/index.php?rest_route=\/wp\/v2\/posts\/1130\/revisions"}],"predecessor-version":[{"id":1131,"href":"https:\/\/www.farnostrana.cz\/index.php?rest_route=\/wp\/v2\/posts\/1130\/revisions\/1131"}],"wp:attachment":[{"href":"https:\/\/www.farnostrana.cz\/index.php?rest_route=%2Fwp%2Fv2%2Fmedia&parent=1130"}],"wp:term":[{"taxonomy":"category","embeddable":true,"href":"https:\/\/www.farnostrana.cz\/index.php?rest_route=%2Fwp%2Fv2%2Fcategories&post=1130"},{"taxonomy":"post_tag","embeddable":true,"href":"https:\/\/www.farnostrana.cz\/index.php?rest_route=%2Fwp%2Fv2%2Ftags&post=1130"}],"curies":[{"name":"wp","href":"https:\/\/api.w.org\/{rel}","templated":true}]}}