{"id":1122,"date":"2020-12-26T23:48:46","date_gmt":"2020-12-26T21:48:46","guid":{"rendered":"https:\/\/www.farnostrana.cz\/?p=1122"},"modified":"2020-12-26T23:48:47","modified_gmt":"2020-12-26T21:48:47","slug":"ohlasky-svatek-svate-rodiny-27-12-2020","status":"publish","type":"post","link":"https:\/\/www.farnostrana.cz\/?p=1122","title":{"rendered":"Ohl\u00e1\u0161ky &#8211; sv\u00e1tek Svat\u00e9 rodiny 27.12.2020"},"content":{"rendered":"\n<ul class=\"wp-block-list\"><li><strong>M\u0161e svat\u00e9: <\/strong>na Silvestra v\u00a016 h, na Nov\u00fd rok v\u00a09:30 h, v\u00a0ned\u011bli v\u00a09:30 h. v\u00a0Holet\u00edn\u011b nyn\u00ed nebude.<\/li><li>Na m\u0161i <strong>m\u016f\u017ee p\u0159ij\u00edt nyn\u00ed \u00a010%, tedy 9 lid\u00ed<\/strong>: rodina, za kterou se slou\u017e\u00ed, a n\u011bkolik lid\u00ed nav\u00edc. Informujte se u pana far\u00e1\u0159e. M\u0161e svat\u00e9 z\u00a0kostela jsou <strong>p\u0159en\u00e1\u0161eny \u017eiv\u011b na Fcb a YouTube<\/strong>. Pokud se v\u00e1m p\u0159enos m\u0161e sv sek\u00e1, pus\u0165te si ji ze z\u00e1znamu po jej\u00edm skon\u010den\u00ed. M\u00e1me slab\u00fd Internet, \u0159e\u0161\u00edme to. <strong>Svat\u00e9 p\u0159ij\u00edm\u00e1n\u00ed<\/strong> se pod\u00e1v\u00e1 <strong>po skon\u010den\u00ed ka\u017ed\u00e9 m\u0161e v\u00a0kostele 30 minut<\/strong>. <strong>Zpov\u00edd\u00e1n\u00ed<\/strong> \u00a0po\u017e\u00e1d\u00e1n\u00ed.<\/li><li><strong>Novoro\u010dn\u00ed p\u0159\u00e1n\u00ed na\u0161\u00ed farnosti<\/strong> si vezm\u011bte ve vchodu do kostela.<\/li><li><strong>V\u00e1no\u010dn\u00ed proch\u00e1zka farn\u00edm lesem<\/strong> \u2013 v <strong>ned\u011bli 27.12., sraz ve 14 h v\u00a0lese <\/strong>mezi Ranou a Holet\u00ednem. Vzhledem k\u00a0mimo\u0159\u00e1dn\u00fdm opat\u0159en\u00edm <strong>p\u016fjdeme INDIVIDU\u00c1LN\u011a<\/strong> po rodin\u00e1ch nebo po dvojic\u00edch. <strong>Koment\u00e1\u0159e<\/strong> najdete <strong>pov\u011b\u0161en\u00e9 na stromech<\/strong> v\u010detn\u011b instrukc\u00ed kudy j\u00edt. Trasa z\u016fstane vyzna\u010den\u00e1 <strong>cel\u00fd p\u0159\u00ed\u0161t\u00ed t\u00fdden<\/strong>!<\/li><li>D\u011bkuji dal\u0161\u00edm z\u00a0v\u00e1s, kte\u0159\u00ed poslali na \u00fa\u010det \u010di jinak sv\u016fj p\u0159\u00edsp\u011bvek na farnost.<strong> Pros\u00edm i ostatn\u00ed, po\u0161lete sv\u016fj finan\u010dn\u00ed p\u0159\u00edsp\u011bvek <\/strong>m\u00edsto sb\u00edrky<strong> na farn\u00ed \u00fa\u010det \u010d. 1143545379\/0800<\/strong>, nebo jej doneste <strong>na faru<\/strong>. D\u011bkuji!<\/li><li><strong>Biskupstv\u00ed pros\u00ed o p\u0159\u00edsp\u011bvek na \u00fa\u010dely sb\u00edrek<\/strong>, kter\u00e9 se nemohly konat. M\u016f\u017eete zaslat individu\u00e1ln\u011b, nebo p\u0159in\u00e9st pen\u00edze na faru. Na ka\u017ed\u00fd \u00fa\u010del po\u0161lu za celou farnost. Zpr\u00e1va na v\u00fdv\u011bsce a na webu farnosti<\/li><li><strong>Komunitn\u00ed centrum F.X.Mimry: Tr\u00e9nov\u00e1n\u00ed pam\u011bti \u2013<\/strong> nab\u00edz\u00edme v\u0161em v\u00a0dob\u011b pandemie, zvl\u00e1\u0161t\u011b senior\u016fm, <strong>zdarma<\/strong> pracovn\u00ed listy Tr\u00e9nov\u00e1n\u00ed pam\u011bti. <strong>K\u00a0dispozici<\/strong> v\u00a0z\u00e1dve\u0159\u00ed kostela, p\u0159\u00edp. na fa\u0159e. <strong>Tuto ned\u011bli ji\u017e 8. <\/strong>(silvestrovsk\u00fd) <strong>\u00fakol!<\/strong><\/li><li><strong>Katolick\u00fd t\u00fdden\u00edk<\/strong>: V\u00e1no\u010dn\u00ed dvoj\u010d\u00edslo; T\u00e9ma: V\u00e1noce v pandemii; Perspektivy: V\u00e1noce podle Benedikta XVI; rozhovor s\u00a0Petrem Pithartem; Doma: V\u00e1no\u010dn\u00ed n\u00e1v\u0161t\u011bvy; V\u00e1no\u010dn\u00ed p\u0159\u00edloha KT.<\/li><\/ul>\n\n\n\n<p><strong>V\u00e1no\u010dn\u00ed bohoslu\u017eby ve farnosti Ran\u00e1 &#8211; 2020<\/strong><\/p>\n\n\n\n<figure class=\"wp-block-table\"><table><tbody><tr><td><strong>Den<\/strong><\/td><td><strong>\u010cas<\/strong><\/td><td><strong>M\u00edsto<\/strong><\/td><td><strong>Akce<\/strong><\/td><\/tr><tr><td><strong>24.12. \u0160t\u011bdr\u00fd den<\/strong><\/td><td><strong>16:00<\/strong><\/td><td>Kostel Ran\u00e1<\/td><td>M\u0161e sv.<\/td><\/tr><tr><td><strong>25.12. Bo\u017e\u00ed hod v\u00e1no\u010dn\u00ed<\/strong><\/td><td><strong>8:00<\/strong> <strong>9:30<\/strong><\/td><td>Kaple Holet\u00edn Kostel Ran\u00e1<\/td><td>V\u00e1no\u010dn\u00ed m\u0161e sv.<\/td><\/tr><tr><td><strong>26.12. sv. \u0160t\u011bp\u00e1na<\/strong><\/td><td><strong>9:30<\/strong><\/td><td>Kostel Ran\u00e1<\/td><td>M\u0161e sv.<\/td><\/tr><tr><td><strong>27.12. Svat\u00e1 rodina<\/strong><\/td><td><strong>9:30<\/strong><\/td><td>Kostel Ran\u00e1<\/td><td>M\u0161e sv. s&nbsp;obnovou man\u017eelsk\u00fdch slib\u016f.<\/td><\/tr><tr><td><strong>31.12. sv. Silvestra<\/strong><\/td><td><strong>16:00<\/strong><\/td><td>Kostel Ran\u00e1<\/td><td>M\u0161e na pod\u011bkov\u00e1n\u00ed<\/td><\/tr><tr><td><strong>1.1.2021 Matky Bo\u017e\u00ed Panny Marie<\/strong><\/td><td><strong>9:30<\/strong><\/td><td>Kostel Ran\u00e1<\/td><td>Novoro\u010dn\u00ed m\u0161e sv.<\/td><\/tr><\/tbody><\/table><\/figure>\n","protected":false},"excerpt":{"rendered":"<p>M\u0161e svat\u00e9: na Silvestra v\u00a016 h, na Nov\u00fd rok v\u00a09:30 h, v\u00a0ned\u011bli v\u00a09:30 h. v\u00a0Holet\u00edn\u011b nyn\u00ed nebude. Na m\u0161i m\u016f\u017ee p\u0159ij\u00edt nyn\u00ed \u00a010%, tedy 9 lid\u00ed: rodina, za kterou se slou\u017e\u00ed, a n\u011bkolik lid\u00ed nav\u00edc. Informujte se u pana far\u00e1\u0159e. <a class=\"more-link\" href=\"https:\/\/www.farnostrana.cz\/?p=1122\">Cel\u00fd \u010dl\u00e1nek  <span class=\"screen-reader-text\">  Ohl\u00e1\u0161ky &#8211; sv\u00e1tek Svat\u00e9 rodiny 27.12.2020<\/span><span class=\"meta-nav\">&rarr;<\/span><\/a><\/p>\n","protected":false},"author":1,"featured_media":0,"comment_status":"closed","ping_status":"open","sticky":false,"template":"","format":"standard","meta":{"_monsterinsights_skip_tracking":false,"_monsterinsights_sitenote_active":false,"_monsterinsights_sitenote_note":"","_monsterinsights_sitenote_category":0,"footnotes":""},"categories":[3],"tags":[],"class_list":["post-1122","post","type-post","status-publish","format-standard","hentry","category-ohlasky"],"_links":{"self":[{"href":"https:\/\/www.farnostrana.cz\/index.php?rest_route=\/wp\/v2\/posts\/1122","targetHints":{"allow":["GET"]}}],"collection":[{"href":"https:\/\/www.farnostrana.cz\/index.php?rest_route=\/wp\/v2\/posts"}],"about":[{"href":"https:\/\/www.farnostrana.cz\/index.php?rest_route=\/wp\/v2\/types\/post"}],"author":[{"embeddable":true,"href":"https:\/\/www.farnostrana.cz\/index.php?rest_route=\/wp\/v2\/users\/1"}],"replies":[{"embeddable":true,"href":"https:\/\/www.farnostrana.cz\/index.php?rest_route=%2Fwp%2Fv2%2Fcomments&post=1122"}],"version-history":[{"count":1,"href":"https:\/\/www.farnostrana.cz\/index.php?rest_route=\/wp\/v2\/posts\/1122\/revisions"}],"predecessor-version":[{"id":1123,"href":"https:\/\/www.farnostrana.cz\/index.php?rest_route=\/wp\/v2\/posts\/1122\/revisions\/1123"}],"wp:attachment":[{"href":"https:\/\/www.farnostrana.cz\/index.php?rest_route=%2Fwp%2Fv2%2Fmedia&parent=1122"}],"wp:term":[{"taxonomy":"category","embeddable":true,"href":"https:\/\/www.farnostrana.cz\/index.php?rest_route=%2Fwp%2Fv2%2Fcategories&post=1122"},{"taxonomy":"post_tag","embeddable":true,"href":"https:\/\/www.farnostrana.cz\/index.php?rest_route=%2Fwp%2Fv2%2Ftags&post=1122"}],"curies":[{"name":"wp","href":"https:\/\/api.w.org\/{rel}","templated":true}]}}