{"id":1120,"date":"2020-12-26T23:46:48","date_gmt":"2020-12-26T21:46:48","guid":{"rendered":"https:\/\/www.farnostrana.cz\/?p=1120"},"modified":"2020-12-26T23:46:49","modified_gmt":"2020-12-26T21:46:49","slug":"vyzva-sbirky","status":"publish","type":"post","link":"https:\/\/www.farnostrana.cz\/?p=1120","title":{"rendered":"V\u00fdzva &#8211; sb\u00edrky"},"content":{"rendered":"\n<p>Brat\u0159i a sestry,<\/p>\n\n\n\n<p>sou\u010dasn\u00e1 slo\u017eit\u00e1 a nelehk\u00e1 situace v&nbsp;souvislosti s&nbsp;\u0161\u00ed\u0159en\u00edm nov\u00e9ho typu koronaviru zp\u016fsobuj\u00edc\u00edho onemocn\u011bn\u00ed covid-19 ji\u017e m\u00e1 znateln\u00e9 dopady i&nbsp;v&nbsp;oblasti ekonomiky a&nbsp;financ\u00ed. Pro jednotliv\u00e9 farnosti diec\u00e9ze i pro Biskupstv\u00ed kr\u00e1lov\u00e9hradeck\u00e9 maj\u00ed v&nbsp;rozpo\u010dtov\u00e9m hospoda\u0159en\u00ed <strong><u>z\u00e1sadn\u00ed v\u00fdznam kosteln\u00ed sb\u00edrky<\/u><\/strong>. Vzhledem k&nbsp;p\u0159ijat\u00fdm opat\u0159en\u00edm s&nbsp;d\u016fsledkem ne\u00fa\u010dasti v\u011b\u0159\u00edc\u00edch na bohoslu\u017eb\u00e1ch doch\u00e1z\u00ed k propadu v\u00fdb\u011bru kosteln\u00edch sb\u00edrek. Sb\u00edrky znamenaj\u00ed z\u00e1sadn\u00ed p\u0159\u00edjem farnost\u00ed, z&nbsp;kter\u00e9ho jsou hrazeny provozn\u00ed n\u00e1klady (nap\u0159. energie, slu\u017eby) i opravy c\u00edrkevn\u00edho majetku. Rovn\u011b\u017e biskupstv\u00ed je ve sv\u00e9m rozpo\u010dtu z\u00e1visl\u00e9 na v\u00fdb\u011bru \u00fa\u010delov\u00fdch sb\u00edrek \u2013 nap\u0159. sb\u00edrky na plo\u0161n\u00e9 poji\u0161t\u011bn\u00ed majetku diec\u00e9ze, na bohoslovce a na ostatn\u00ed pot\u0159eby diec\u00e9ze. Biskupstv\u00ed kr\u00e1lov\u00e9hradeck\u00e9 je p\u0159\u00edjemcem v\u00fd\u0161e vyjmenovan\u00fdch \u00fa\u010delov\u00fdch sb\u00edrek a hrad\u00ed nemal\u00e9 n\u00e1klady v&nbsp;t\u011bchto oblastech, kter\u00e9 p\u0159evy\u0161uj\u00ed i b\u011b\u017en\u00e9 objemy \u00fa\u010delov\u00fdch sb\u00edrek.<\/p>\n\n\n\n<p><strong><u>Chceme d\u00e1t mo\u017enost v\u011b\u0159\u00edc\u00edm zaslat finan\u010dn\u00ed prost\u0159edky bezhotovostn\u00ed formou na p\u0159\u00edslu\u0161n\u00fd \u00fa\u010det farnosti nebo Biskupstv\u00ed kr\u00e1lov\u00e9hradeck\u00e9ho.<\/u><\/strong><\/p>\n\n\n\n<p>\u010c\u00edsla \u00fa\u010dt\u016f:<\/p>\n\n\n\n<ol class=\"wp-block-list\" type=\"1\"><li>Dary pro farnost <strong>Ran\u00e1<\/strong> \u2013 \u010d\u00edslo \u00fa\u010dtu <strong>1143545379\/0800<\/strong>.<\/li><li>Dary pro Biskupstv\u00ed kr\u00e1lov\u00e9hradeck\u00e9 \u2013 \u010d\u00edslo \u00fa\u010dtu 1006010044\/5500<\/li><\/ol>\n\n\n\n<p>Poji\u0161t\u011bn\u00ed kostel\u016f a dal\u0161\u00edch c\u00edrkevn\u00edch budov \u2013 <strong>variabiln\u00ed symbol 726<\/strong><\/p>\n\n\n\n<p>Kn\u011b\u017esk\u00fd semin\u00e1\u0159 a formace bohoslovc\u016f \u2013 <strong>variabiln\u00ed symbol 222<\/strong><\/p>\n\n\n\n<p>Pastora\u010dn\u00ed aktivity v&nbsp;diec\u00e9zi \u2013 <strong>variabiln\u00ed symbol 225<\/strong><\/p>\n\n\n\n<p>C\u00edrkevn\u00ed \u0161kolstv\u00ed v&nbsp;diec\u00e9zi \u2013 <strong>variabiln\u00ed symbol 221<\/strong><\/p>\n\n\n\n<ul class=\"wp-block-list\"><li>Mo\u017enost p\u0159isp\u011bt bezhotovostn\u00ed formou na ostatn\u00ed \u00fa\u010dely na z\u00e1klad\u011b vyhl\u00e1\u0161en\u00fdch sb\u00edrek Diec\u00e9zn\u00ed katolick\u00e9 charit\u011b a Pape\u017esk\u00e9mu misijn\u00edmu d\u00edlu<\/li><\/ul>\n\n\n\n<p>Diec\u00e9zn\u00ed charita \u2013 \u010d\u00edslo \u00fa\u010dtu: 1006016622\/5500, <strong>variabiln\u00ed symbol<\/strong> <strong>286<\/strong><\/p>\n\n\n\n<p>Pape\u017esk\u00e1 misijn\u00ed d\u00edla \u2013 \u010d\u00edslo \u00fa\u010dtu: 72540444\/2700, <strong>variabiln\u00ed symbol<\/strong> <strong>10<\/strong><\/p>\n\n\n\n<p>Pros\u00edme d\u00e1rce o uveden\u00ed identifikace d\u00e1rce p\u0159i platb\u011b ve \u201eZpr\u00e1v\u011b pro p\u0159\u00edjemce\u201c ve tvaru \u201e<strong><u>Dar na \u010dinnost \u2013 Nov\u00e1kov\u00e1 M.<\/u><\/strong>\u201c a o uveden\u00ed kompletn\u00ed identifikace v\u010detn\u011b adresy do e-mailov\u00e9 zpr\u00e1vy na adresu spr\u00e1vce farnosti (v p\u0159\u00edpad\u011b farnosti), nebo na adresu <a href=\"mailto:ucto@bihk.cz\">ucto@bihk.cz<\/a> v&nbsp;p\u0159\u00edpad\u011b daru na \u00fa\u010det biskupstv\u00ed.<\/p>\n\n\n\n<p><strong><u>Samoz\u0159ejm\u011b i nad\u00e1le z\u016fst\u00e1v\u00e1 alternativn\u00ed mo\u017enost v&nbsp;p\u0159\u00edpad\u011b kon\u00e1n\u00ed sb\u00edrek v&nbsp;kostel\u00edch p\u0159isp\u011bt obvyklou formou.<\/u><\/strong><\/p>\n\n\n\n<p>V&nbsp;p\u0159\u00edpad\u011b dotaz\u016f m\u016f\u017eete kontaktovat pracovnice biskupstv\u00ed: Helenu Ryklovou (<a href=\"mailto:ryklova@bihk.cz\">ryklova@bihk.cz<\/a>), Ing. Andreu Peerovou (<a href=\"mailto:peerova@bihk.cz\">peerova@bihk.cz<\/a>) a Ing. Vlastu Musilovou (<a href=\"mailto:musilova@bihk.cz\">musilova@bihk.cz<\/a>).<\/p>\n\n\n\n<p>V\u0161em p\u0159\u00edpadn\u00fdm d\u00e1rc\u016fm d\u011bkujeme.<\/p>\n\n\n\n<p>\u00a0\u00a0\u00a0\u00a0\u00a0\u00a0\u00a0\u00a0\u00a0\u00a0\u00a0\u00a0\u00a0\u00a0\u00a0\u00a0 Ing. Pavel Rathousk\u00fd                                          Mons. Jan Paseka<\/p>\n\n\n\n<p>\u00a0\u00a0\u00a0\u00a0\u00a0\u00a0\u00a0\u00a0\u00a0\u00a0\u00a0\u00a0\u00a0\u00a0\u00a0\u00a0\u00a0\u00a0\u00a0\u00a0 ekonom diec\u00e9ze\u00a0\u00a0                                                 gener\u00e1ln\u00ed vik\u00e1\u0159<\/p>\n","protected":false},"excerpt":{"rendered":"<p>Brat\u0159i a sestry, sou\u010dasn\u00e1 slo\u017eit\u00e1 a nelehk\u00e1 situace v&nbsp;souvislosti s&nbsp;\u0161\u00ed\u0159en\u00edm nov\u00e9ho typu koronaviru zp\u016fsobuj\u00edc\u00edho onemocn\u011bn\u00ed covid-19 ji\u017e m\u00e1 znateln\u00e9 dopady i&nbsp;v&nbsp;oblasti ekonomiky a&nbsp;financ\u00ed. Pro jednotliv\u00e9 farnosti diec\u00e9ze i pro Biskupstv\u00ed kr\u00e1lov\u00e9hradeck\u00e9 maj\u00ed v&nbsp;rozpo\u010dtov\u00e9m hospoda\u0159en\u00ed z\u00e1sadn\u00ed v\u00fdznam kosteln\u00ed sb\u00edrky. Vzhledem k&nbsp;p\u0159ijat\u00fdm <a class=\"more-link\" href=\"https:\/\/www.farnostrana.cz\/?p=1120\">Cel\u00fd \u010dl\u00e1nek  <span class=\"screen-reader-text\">  V\u00fdzva &#8211; sb\u00edrky<\/span><span class=\"meta-nav\">&rarr;<\/span><\/a><\/p>\n","protected":false},"author":1,"featured_media":0,"comment_status":"closed","ping_status":"open","sticky":false,"template":"","format":"standard","meta":{"_monsterinsights_skip_tracking":false,"_monsterinsights_sitenote_active":false,"_monsterinsights_sitenote_note":"","_monsterinsights_sitenote_category":0,"footnotes":""},"categories":[3],"tags":[],"class_list":["post-1120","post","type-post","status-publish","format-standard","hentry","category-ohlasky"],"_links":{"self":[{"href":"https:\/\/www.farnostrana.cz\/index.php?rest_route=\/wp\/v2\/posts\/1120","targetHints":{"allow":["GET"]}}],"collection":[{"href":"https:\/\/www.farnostrana.cz\/index.php?rest_route=\/wp\/v2\/posts"}],"about":[{"href":"https:\/\/www.farnostrana.cz\/index.php?rest_route=\/wp\/v2\/types\/post"}],"author":[{"embeddable":true,"href":"https:\/\/www.farnostrana.cz\/index.php?rest_route=\/wp\/v2\/users\/1"}],"replies":[{"embeddable":true,"href":"https:\/\/www.farnostrana.cz\/index.php?rest_route=%2Fwp%2Fv2%2Fcomments&post=1120"}],"version-history":[{"count":1,"href":"https:\/\/www.farnostrana.cz\/index.php?rest_route=\/wp\/v2\/posts\/1120\/revisions"}],"predecessor-version":[{"id":1121,"href":"https:\/\/www.farnostrana.cz\/index.php?rest_route=\/wp\/v2\/posts\/1120\/revisions\/1121"}],"wp:attachment":[{"href":"https:\/\/www.farnostrana.cz\/index.php?rest_route=%2Fwp%2Fv2%2Fmedia&parent=1120"}],"wp:term":[{"taxonomy":"category","embeddable":true,"href":"https:\/\/www.farnostrana.cz\/index.php?rest_route=%2Fwp%2Fv2%2Fcategories&post=1120"},{"taxonomy":"post_tag","embeddable":true,"href":"https:\/\/www.farnostrana.cz\/index.php?rest_route=%2Fwp%2Fv2%2Ftags&post=1120"}],"curies":[{"name":"wp","href":"https:\/\/api.w.org\/{rel}","templated":true}]}}