{"id":1112,"date":"2020-12-20T01:34:13","date_gmt":"2020-12-19T23:34:13","guid":{"rendered":"https:\/\/www.farnostrana.cz\/?p=1112"},"modified":"2020-12-20T01:34:14","modified_gmt":"2020-12-19T23:34:14","slug":"ohlasky-4-nedele-adventni-20-12-2020","status":"publish","type":"post","link":"https:\/\/www.farnostrana.cz\/?p=1112","title":{"rendered":"Ohl\u00e1\u0161ky \u2013 4. ned\u011ble adventn\u00ed 20.12.2020"},"content":{"rendered":"\n<ul class=\"wp-block-list\"><li><strong>M\u0161e svat\u00e9 o v\u00e1noc\u00edch<\/strong> jsou n\u00ed\u017ee v tabulce<strong>:<\/strong> \u0160t\u011bdr\u00fd den v&nbsp;<strong>16<\/strong> h,.<\/li><li>Na m\u0161i <strong>m\u016f\u017ee p\u0159ij\u00edt nyn\u00ed &nbsp;20%, tedy asi 20 lid\u00ed<\/strong>: rodina, za kterou se slou\u017e\u00ed, a n\u011bkolik lid\u00ed nav\u00edc. Informujte se u pana far\u00e1\u0159e. M\u0161e svat\u00e9 z&nbsp;kostela jsou <strong>p\u0159en\u00e1\u0161eny \u017eiv\u011b na Fcb a YouTube<\/strong>. <strong>Svat\u00e9 p\u0159ij\u00edm\u00e1n\u00ed<\/strong> se pod\u00e1v\u00e1 <strong>po skon\u010den\u00ed ka\u017ed\u00e9 m\u0161e v&nbsp;kostele 30 minut<\/strong>. <strong>Zpov\u00edd\u00e1n\u00ed<\/strong> &nbsp;po\u017e\u00e1d\u00e1n\u00ed.<\/li><li><strong>D\u011bkuji za brig\u00e1du<\/strong> <strong>stav\u011bn\u00ed&nbsp;oplocenky v&nbsp;sobotu 19.12., <\/strong>p\u0159i\u0161lo 11 mu\u017e\u016f a chlapc\u016f a d\u00edlo je hotovo. P\u00e1n B\u016fh zapla\u0165!<strong><\/strong><\/li><li><strong>Vych\u00e1z\u00ed v\u00e1no\u010dn\u00ed Zpravodaj farnost\u00ed, <\/strong>je k&nbsp;dispozici u vchodu do kostela.<strong><\/strong><\/li><li><strong>P\u0159\u00edprava v\u00e1no\u010dn\u00ed v\u00fdzdoby kostela ve st\u0159edu 23.12. od 16 h.<\/strong><\/li><li><strong>Otev\u0159en\u00fd kostel <\/strong>k&nbsp;n\u00e1v\u0161t\u011bv\u011b Betl\u00e9ma a modlitb\u011b<strong> bude 24. a 25.12. <\/strong>v\u017edy od 10 do 16 h<\/li><li><strong>V\u00e1no\u010dn\u00ed proch\u00e1zka farn\u00edm lesem<\/strong> \u2013 p\u0159\u00ed\u0161t\u00ed <strong>ned\u011bli 27.12., sraz ve 14 h v&nbsp;lese <\/strong>mezi Ranou a Holet\u00ednem. Vzhledem k&nbsp;mimo\u0159\u00e1dn\u00fdm opat\u0159en\u00edm p\u016fjdeme po skupink\u00e1ch po 6 lidech, koment\u00e1\u0159 z&nbsp;reproduktoru, sva\u010dinu s sebou!<strong><\/strong><\/li><li>D\u011bkuji dal\u0161\u00edm z&nbsp;v\u00e1s, kte\u0159\u00ed poslali na \u00fa\u010det \u010di jinak sv\u016fj p\u0159\u00edsp\u011bvek na farnost.<strong> Pros\u00edm i ostatn\u00ed, po\u0161lete sv\u016fj finan\u010dn\u00ed p\u0159\u00edsp\u011bvek <\/strong>m\u00edsto sb\u00edrky<strong> na farn\u00ed \u00fa\u010det \u010d. 1143545379\/0800<\/strong>, nebo jej doneste <strong>na faru<\/strong>. D\u011bkuji!<\/li><li><strong>Komunitn\u00ed centrum F.X.Mimry: Tr\u00e9nov\u00e1n\u00ed pam\u011bti \u2013<\/strong> nab\u00edz\u00edme v\u0161em v&nbsp;dob\u011b pandemie, zvl\u00e1\u0161t\u011b senior\u016fm, <strong>zdarma<\/strong> pracovn\u00ed listy Tr\u00e9nov\u00e1n\u00ed pam\u011bti. <strong>K&nbsp;dispozici<\/strong> v&nbsp;z\u00e1dve\u0159\u00ed kostela, p\u0159\u00edp. na fa\u0159e. <strong>Tuto ned\u011bli ji\u017e 7. <\/strong>(a mo\u017en\u00e1 posledn\u00ed) <strong>\u00fakol!<\/strong><\/li><li><strong>Katolick\u00fd t\u00fdden\u00edk<\/strong>: V\u00e1no\u010dn\u00ed dvoj\u010d\u00edslo; T\u00e9ma: V\u00e1noce v pandemii; Perspektivy: V\u00e1noce podle Benedikta XVI; rozhovor s&nbsp;Petrem Pithartem; Doma: V\u00e1no\u010dn\u00ed n\u00e1v\u0161t\u011bvy; V\u00e1no\u010dn\u00ed p\u0159\u00edloha KT.<\/li><\/ul>\n\n\n\n<p><strong>V\u00e1no\u010dn\u00ed bohoslu\u017eby ve farnosti Ran\u00e1 &#8211; 2020<\/strong><\/p>\n\n\n\n<figure class=\"wp-block-table\"><table><tbody><tr><td><strong>Den<\/strong><\/td><td><strong>\u010cas<\/strong><\/td><td><strong>M\u00edsto<\/strong><\/td><td><strong>Akce<\/strong><\/td><\/tr><tr><td><strong>24.12. \u0160t\u011bdr\u00fd den<\/strong><\/td><td><strong>16:00<\/strong><\/td><td>Kostel Ran\u00e1<\/td><td>M\u0161e sv.<\/td><\/tr><tr><td><strong>25.12. Bo\u017e\u00ed hod v\u00e1no\u010dn\u00ed<\/strong><\/td><td><strong>8:00<\/strong> <strong>9:30<\/strong><\/td><td>Kaple Holet\u00edn Kostel Ran\u00e1<\/td><td>V\u00e1no\u010dn\u00ed m\u0161e sv.<\/td><\/tr><tr><td><strong>26.12. sv. \u0160t\u011bp\u00e1na<\/strong><\/td><td><strong>9:30<\/strong><\/td><td>Kostel Ran\u00e1<\/td><td>M\u0161e sv.<\/td><\/tr><tr><td><strong>27.12. Svat\u00e1 rodina<\/strong><\/td><td><strong>9:30<\/strong><\/td><td>Kostel Ran\u00e1<\/td><td>M\u0161e sv. s&nbsp;obnovou man\u017eelsk\u00fdch slib\u016f.<\/td><\/tr><tr><td><strong>31.12. sv. Silvestra<\/strong><\/td><td><strong>16:00<\/strong><\/td><td>Kostel Ran\u00e1<\/td><td>M\u0161e na pod\u011bkov\u00e1n\u00ed<\/td><\/tr><tr><td><strong>1.1.2021 Matky Bo\u017e\u00ed Panny Marie<\/strong><\/td><td><strong>9:30<\/strong><\/td><td>Kostel Ran\u00e1<\/td><td>Novoro\u010dn\u00ed m\u0161e sv.<\/td><\/tr><\/tbody><\/table><\/figure>\n","protected":false},"excerpt":{"rendered":"<p>M\u0161e svat\u00e9 o v\u00e1noc\u00edch jsou n\u00ed\u017ee v tabulce: \u0160t\u011bdr\u00fd den v&nbsp;16 h,. Na m\u0161i m\u016f\u017ee p\u0159ij\u00edt nyn\u00ed &nbsp;20%, tedy asi 20 lid\u00ed: rodina, za kterou se slou\u017e\u00ed, a n\u011bkolik lid\u00ed nav\u00edc. Informujte se u pana far\u00e1\u0159e. M\u0161e svat\u00e9 z&nbsp;kostela jsou <a class=\"more-link\" href=\"https:\/\/www.farnostrana.cz\/?p=1112\">Cel\u00fd \u010dl\u00e1nek  <span class=\"screen-reader-text\">  Ohl\u00e1\u0161ky \u2013 4. ned\u011ble adventn\u00ed 20.12.2020<\/span><span class=\"meta-nav\">&rarr;<\/span><\/a><\/p>\n","protected":false},"author":1,"featured_media":0,"comment_status":"closed","ping_status":"open","sticky":false,"template":"","format":"standard","meta":{"_monsterinsights_skip_tracking":false,"_monsterinsights_sitenote_active":false,"_monsterinsights_sitenote_note":"","_monsterinsights_sitenote_category":0,"footnotes":""},"categories":[3],"tags":[],"class_list":["post-1112","post","type-post","status-publish","format-standard","hentry","category-ohlasky"],"_links":{"self":[{"href":"https:\/\/www.farnostrana.cz\/index.php?rest_route=\/wp\/v2\/posts\/1112","targetHints":{"allow":["GET"]}}],"collection":[{"href":"https:\/\/www.farnostrana.cz\/index.php?rest_route=\/wp\/v2\/posts"}],"about":[{"href":"https:\/\/www.farnostrana.cz\/index.php?rest_route=\/wp\/v2\/types\/post"}],"author":[{"embeddable":true,"href":"https:\/\/www.farnostrana.cz\/index.php?rest_route=\/wp\/v2\/users\/1"}],"replies":[{"embeddable":true,"href":"https:\/\/www.farnostrana.cz\/index.php?rest_route=%2Fwp%2Fv2%2Fcomments&post=1112"}],"version-history":[{"count":1,"href":"https:\/\/www.farnostrana.cz\/index.php?rest_route=\/wp\/v2\/posts\/1112\/revisions"}],"predecessor-version":[{"id":1113,"href":"https:\/\/www.farnostrana.cz\/index.php?rest_route=\/wp\/v2\/posts\/1112\/revisions\/1113"}],"wp:attachment":[{"href":"https:\/\/www.farnostrana.cz\/index.php?rest_route=%2Fwp%2Fv2%2Fmedia&parent=1112"}],"wp:term":[{"taxonomy":"category","embeddable":true,"href":"https:\/\/www.farnostrana.cz\/index.php?rest_route=%2Fwp%2Fv2%2Fcategories&post=1112"},{"taxonomy":"post_tag","embeddable":true,"href":"https:\/\/www.farnostrana.cz\/index.php?rest_route=%2Fwp%2Fv2%2Ftags&post=1112"}],"curies":[{"name":"wp","href":"https:\/\/api.w.org\/{rel}","templated":true}]}}