{"id":111,"date":"2016-10-03T14:30:07","date_gmt":"2016-10-03T12:30:07","guid":{"rendered":"http:\/\/www.farnostrana.cz\/?p=111"},"modified":"2016-10-03T14:31:23","modified_gmt":"2016-10-03T12:31:23","slug":"ohlasky-na-27-nedeli-v-mezidobi-2-10-2016","status":"publish","type":"post","link":"https:\/\/www.farnostrana.cz\/?p=111","title":{"rendered":"Ohl\u00e1\u0161ky na 27. ned\u011bli v mezidob\u00ed 2.10.2016"},"content":{"rendered":"<ul>\n<li><strong>Svatov\u00e1clavsk\u00e1 m\u0161e<\/strong>. Po m\u0161i bude ob\u010derstven\u00ed.<\/li>\n<li><strong>Svatov\u00e1clavsk\u00fd ples 1.10. <\/strong>D\u011bkuji v\u0161em organiz\u00e1tor\u016fm a d\u00e1rc\u016fm za p\u0159\u00edsp\u011bvek do tomboly! P\u0159i\u0161lo p\u0159es 200 lid\u00ed. D\u011bkuji ml\u00e1de\u017ei za kr\u00e1sn\u00e9 p\u0159edtan\u010den\u00ed!<\/li>\n<li><strong>P\u0159\u00ed\u0161t\u00ed ned\u011bli v\u00a08 h posv\u00edcen\u00ed v\u00a0Proset\u00edn\u011b.<\/strong><\/li>\n<li><strong>Oprava bytu na fa\u0159e:<\/strong> Prob\u00edh\u00e1 oprava koupelny, pokl\u00e1daj\u00ed se podlahy, p\u0159ipravuje se stavba kamen. D\u011bkuji v\u0161em v\u00e1m, kte\u0159\u00ed pom\u00e1h\u00e1te!<\/li>\n<li><strong>N\u00e1v\u0161t\u011bvy nemocn\u00fdch 3. a 4.10.<\/strong><\/li>\n<li><strong>Adora\u010dn\u00ed hodina: ve st\u0159edu 5.10. od 20 do 21 h. <\/strong>Spole\u010dn\u00fd za\u010d\u00e1tek, potom ticho, na z\u00e1v\u011br po\u017eehn\u00e1n\u00ed. P\u0159ij\u010fte v\u0161ichni aspo\u0148 na chv\u00edli! M\u016f\u017eete vyu\u017e\u00edt<strong> Adora\u010dn\u00ed autobus na trase Mr\u00e1kot\u00edn, Old\u0159etice, Pok\u0159ikov, Kladno, Vojt\u011bchov, Ran\u00e1. <\/strong>Z\u00e1jemci zapi\u0161te se na pap\u00edr na stole\u010dku u vchodu! Odvoz tam i zp\u011bt po skon\u010den\u00ed adorace.<\/li>\n<li><strong>Zpov\u00edd\u00e1n\u00ed na 1.<\/strong> <strong>p\u00e1tek:<\/strong> tento p\u00e1tek budu muset zastupovat i ve Skut\u010di, vyu\u017eijte tedy p\u0159\u00edle\u017eitost ke zpov\u011bdi <strong>b\u011bhem st\u0159ede\u010dn\u00ed adorace<\/strong>.<\/li>\n<li><strong>Setk\u00e1n\u00ed ml\u00e1de\u017ee na Ran\u00e9:<\/strong> zvu v\u0161echny <strong>od 15 do 25 v\u00a0p\u00e1tek 7.10. po m\u0161i na faru<\/strong>! Hry p\u0159ipravuje Maru\u0161ka Ad\u00e1mkov\u00e1, pov\u00edd\u00e1n\u00ed otec Ond\u0159ej.<\/li>\n<li><strong>Ned\u011bln\u00ed liturgie<\/strong> \u2013 l\u00edste\u010dky s\u00a0texty ned\u011bln\u00ed m\u0161e. M\u016f\u017eete si vz\u00edt zvl\u00e1\u0161t\u011b vy, kdo \u0161patn\u011b sly\u0161\u00edte, p\u0159ed m\u0161\u00ed svatou a nechat si je i na doma. Na zkou\u0161ku m\u00e1me 10 v\u00fdtisk\u016f asi za 1K\u010d\/ks.<\/li>\n<li><strong>R\u016f\u017eencov\u00fd m\u011bs\u00edc \u0159\u00edjen<\/strong>: P\u0159\u00e1l bych si, abychom se spole\u010dn\u011b modlili r\u016f\u017eenec p\u0159ed ka\u017edou m\u0161\u00ed svatou. Ve veden\u00ed modlitby se m\u016f\u017eeme st\u0159\u00eddat, nemus\u00ed se \u010dekat, a\u017e co ti ostatn\u00ed. P\u0159\u00e1l bych si tak\u00e9, abyste se modlili r\u016f\u017eenec v\u00a0rodin\u00e1ch. Spole\u010dn\u00e1 modlitba rodinu stmeluje a svol\u00e1v\u00e1 po\u017eehn\u00e1n\u00ed. R\u016f\u017eenec je siln\u00fd n\u00e1stroj proti zlu.<\/li>\n<li><strong>Volby do Krajsk\u00e9ho zastupitelstva<\/strong>: Vyz\u00fdv\u00e1m v\u00e1s, mil\u00ed farn\u00edci, abyste se z\u00fa\u010dastnili voleb. Vyberte podle sv\u00e9ho sv\u011bdom\u00ed takov\u00e9 kandid\u00e1ty, u kter\u00fdch z\u00a0minulosti v\u00edte, jak jednaj\u00ed, jak pracuj\u00ed, zda h\u00e1j\u00ed ve\u0159ejn\u00e9 z\u00e1jmy, jsou vst\u0159\u00edcn\u00ed k\u00a0c\u00edrkvi, \u017eij\u00ed v\u00a0soukrom\u00ed spo\u0159\u00e1dan\u00fd \u017eivot. Modleme se za volby!<\/li>\n<li><strong>O \u010dem p\u00ed\u0161e Katolick\u00fd t\u00fdden\u00edk:<\/strong> Pape\u017e \u2013 Svat\u00fd je jen m\u00edr, ne v\u00e1lka; Report\u00e1\u017e z\u00a0konviktu; T\u00e9ma: Modlitba r\u016f\u017eence; Mezin\u00e1rodn\u00ed varhann\u00ed festival; Neuhnout, ani kdy\u017e traka\u0159e padaj\u00ed.<\/li>\n<\/ul>\n","protected":false},"excerpt":{"rendered":"<p>Svatov\u00e1clavsk\u00e1 m\u0161e. Po m\u0161i bude ob\u010derstven\u00ed. Svatov\u00e1clavsk\u00fd ples 1.10. D\u011bkuji v\u0161em organiz\u00e1tor\u016fm a d\u00e1rc\u016fm za p\u0159\u00edsp\u011bvek do tomboly! P\u0159i\u0161lo p\u0159es 200 lid\u00ed. D\u011bkuji ml\u00e1de\u017ei za kr\u00e1sn\u00e9 p\u0159edtan\u010den\u00ed! P\u0159\u00ed\u0161t\u00ed ned\u011bli v\u00a08 h posv\u00edcen\u00ed v\u00a0Proset\u00edn\u011b. Oprava bytu na fa\u0159e: Prob\u00edh\u00e1 oprava koupelny, <a class=\"more-link\" href=\"https:\/\/www.farnostrana.cz\/?p=111\">Cel\u00fd \u010dl\u00e1nek  <span class=\"screen-reader-text\">  Ohl\u00e1\u0161ky na 27. ned\u011bli v mezidob\u00ed 2.10.2016<\/span><span class=\"meta-nav\">&rarr;<\/span><\/a><\/p>\n","protected":false},"author":1,"featured_media":0,"comment_status":"closed","ping_status":"open","sticky":false,"template":"","format":"standard","meta":{"_monsterinsights_skip_tracking":false,"_monsterinsights_sitenote_active":false,"_monsterinsights_sitenote_note":"","_monsterinsights_sitenote_category":0,"footnotes":""},"categories":[3],"tags":[],"class_list":["post-111","post","type-post","status-publish","format-standard","hentry","category-ohlasky"],"_links":{"self":[{"href":"https:\/\/www.farnostrana.cz\/index.php?rest_route=\/wp\/v2\/posts\/111","targetHints":{"allow":["GET"]}}],"collection":[{"href":"https:\/\/www.farnostrana.cz\/index.php?rest_route=\/wp\/v2\/posts"}],"about":[{"href":"https:\/\/www.farnostrana.cz\/index.php?rest_route=\/wp\/v2\/types\/post"}],"author":[{"embeddable":true,"href":"https:\/\/www.farnostrana.cz\/index.php?rest_route=\/wp\/v2\/users\/1"}],"replies":[{"embeddable":true,"href":"https:\/\/www.farnostrana.cz\/index.php?rest_route=%2Fwp%2Fv2%2Fcomments&post=111"}],"version-history":[{"count":3,"href":"https:\/\/www.farnostrana.cz\/index.php?rest_route=\/wp\/v2\/posts\/111\/revisions"}],"predecessor-version":[{"id":114,"href":"https:\/\/www.farnostrana.cz\/index.php?rest_route=\/wp\/v2\/posts\/111\/revisions\/114"}],"wp:attachment":[{"href":"https:\/\/www.farnostrana.cz\/index.php?rest_route=%2Fwp%2Fv2%2Fmedia&parent=111"}],"wp:term":[{"taxonomy":"category","embeddable":true,"href":"https:\/\/www.farnostrana.cz\/index.php?rest_route=%2Fwp%2Fv2%2Fcategories&post=111"},{"taxonomy":"post_tag","embeddable":true,"href":"https:\/\/www.farnostrana.cz\/index.php?rest_route=%2Fwp%2Fv2%2Ftags&post=111"}],"curies":[{"name":"wp","href":"https:\/\/api.w.org\/{rel}","templated":true}]}}