{"id":1106,"date":"2020-12-12T20:55:03","date_gmt":"2020-12-12T18:55:03","guid":{"rendered":"https:\/\/www.farnostrana.cz\/?p=1106"},"modified":"2020-12-12T20:55:13","modified_gmt":"2020-12-12T18:55:13","slug":"ohlasky-3-nedele-adventni-13-12-2020","status":"publish","type":"post","link":"https:\/\/www.farnostrana.cz\/?p=1106","title":{"rendered":"Ohl\u00e1\u0161ky \u2013 3. ned\u011ble adventn\u00ed 13. 12. 2020"},"content":{"rendered":"\n<ul class=\"wp-block-list\"><li>M\u0161e svat\u00e9: v&nbsp;p\u00e1tek v&nbsp;18 h, v&nbsp;ned\u011bli v 9:30 h v Ran\u00e9. V&nbsp;\u00fater\u00fd 8.12. ve 14 h poh\u0159eb + Marie Hochmanov\u00e1.&nbsp;<\/li><li>Na m\u0161i m\u016f\u017ee p\u0159ij\u00edt nyn\u00ed&nbsp; 30%, tedy asi 30 lid\u00ed: rodina, za kterou se slou\u017e\u00ed, a n\u011bkolik lid\u00ed nav\u00edc. Informujte se u pana far\u00e1\u0159e. M\u0161e svat\u00e9 z&nbsp;kostela jsou p\u0159en\u00e1\u0161eny \u017eiv\u011b na Fcb a YouTube. Svat\u00e9 p\u0159ij\u00edm\u00e1n\u00ed se pod\u00e1v\u00e1 v&nbsp;ned\u011bli po skon\u010den\u00ed m\u0161e v&nbsp;kostele od 10 do 11 h, rozvoz eucharistie na po\u017e\u00e1d\u00e1n\u00ed. Zpov\u00edd\u00e1n\u00ed p\u0159ed ka\u017edou m\u0161\u00ed nebo na po\u017e\u00e1d\u00e1n\u00ed.&nbsp;<\/li><li>Ve Skut\u010di mo\u017enost zpov\u011bdi dnes od 15 do 18 h na fa\u0159e.<\/li><li>V\u00e1no\u010dn\u00ed bohoslu\u017eby: \u010dek\u00e1me na stanoven\u00ed aktu\u00e1ln\u00edch podm\u00ednek Vl\u00e1dou \u010cR.&nbsp;<\/li><li>Brig\u00e1da stav\u011bn\u00ed&nbsp;oplocenky v&nbsp;sobotu 19.12., sraz v&nbsp;9 h u fary nebo kdykoliv v&nbsp;lese. N\u00e1\u0159ad\u00ed s&nbsp;sebou, sva\u010dina zaji\u0161t\u011bna. &nbsp;Pros\u00edm, p\u0159ij\u010fte pomoci do na\u0161eho lesa!<\/li><li>V\u00e1no\u010dn\u00ed proch\u00e1zka farn\u00edm lesem \u2013 pl\u00e1nujeme na ned\u011bli 27.12. odpoledne!<\/li><li>D\u011bkuji dal\u0161\u00edm z&nbsp;v\u00e1s, kte\u0159\u00ed poslali na \u00fa\u010det \u010di jinak sv\u016fj p\u0159\u00edsp\u011bvek na farnost. Pros\u00edm i ostatn\u00ed, po\u0161lete sv\u016fj finan\u010dn\u00ed p\u0159\u00edsp\u011bvek m\u00edsto sb\u00edrky na farn\u00ed \u00fa\u010det \u010d. 1143545379\/0800, nebo jej doneste na faru. D\u011bkuji!<\/li><li>Komunitn\u00ed centrum F.X.Mimry: Tr\u00e9nov\u00e1n\u00ed pam\u011bti \u2013 nab\u00edz\u00edme v\u0161em v&nbsp;dob\u011b pandemie, zvl\u00e1\u0161t\u011b senior\u016fm, zdarma pracovn\u00ed listy Tr\u00e9nov\u00e1n\u00ed pam\u011bti. K&nbsp;dispozici v&nbsp;z\u00e1dve\u0159\u00ed kostela, p\u0159\u00edp. na fa\u0159e. Tuto ned\u011bli ji\u017e 6. \u00fakol!&nbsp;<\/li><li>Katolick\u00fd t\u00fdden\u00edk: \u010cas adventn\u00ed almu\u017eny; T\u00e9ma: K\u0159es\u0165an\u00e9 v m\u00e9di\u00edch; Perspektivy: O\u010dek\u00e1v\u00e1m \u017eivot budouc\u00edho v\u011bku; rozhovor s&nbsp;P. Franti\u0161kem Eli\u00e1\u0161em \u2013 Br\u00e1na k v\u00e1noc\u016fm je ve farn\u00edm lese; Doma: Adventn\u00ed p\u0159\u00edb\u011bhy.<\/li><\/ul>\n","protected":false},"excerpt":{"rendered":"<p>M\u0161e svat\u00e9: v&nbsp;p\u00e1tek v&nbsp;18 h, v&nbsp;ned\u011bli v 9:30 h v Ran\u00e9. V&nbsp;\u00fater\u00fd 8.12. ve 14 h poh\u0159eb + Marie Hochmanov\u00e1.&nbsp; Na m\u0161i m\u016f\u017ee p\u0159ij\u00edt nyn\u00ed&nbsp; 30%, tedy asi 30 lid\u00ed: rodina, za kterou se slou\u017e\u00ed, a n\u011bkolik lid\u00ed nav\u00edc. Informujte <a class=\"more-link\" href=\"https:\/\/www.farnostrana.cz\/?p=1106\">Cel\u00fd \u010dl\u00e1nek  <span class=\"screen-reader-text\">  Ohl\u00e1\u0161ky \u2013 3. ned\u011ble adventn\u00ed 13. 12. 2020<\/span><span class=\"meta-nav\">&rarr;<\/span><\/a><\/p>\n","protected":false},"author":1,"featured_media":0,"comment_status":"closed","ping_status":"open","sticky":false,"template":"","format":"standard","meta":{"_monsterinsights_skip_tracking":false,"_monsterinsights_sitenote_active":false,"_monsterinsights_sitenote_note":"","_monsterinsights_sitenote_category":0,"footnotes":""},"categories":[3],"tags":[],"class_list":["post-1106","post","type-post","status-publish","format-standard","hentry","category-ohlasky"],"_links":{"self":[{"href":"https:\/\/www.farnostrana.cz\/index.php?rest_route=\/wp\/v2\/posts\/1106","targetHints":{"allow":["GET"]}}],"collection":[{"href":"https:\/\/www.farnostrana.cz\/index.php?rest_route=\/wp\/v2\/posts"}],"about":[{"href":"https:\/\/www.farnostrana.cz\/index.php?rest_route=\/wp\/v2\/types\/post"}],"author":[{"embeddable":true,"href":"https:\/\/www.farnostrana.cz\/index.php?rest_route=\/wp\/v2\/users\/1"}],"replies":[{"embeddable":true,"href":"https:\/\/www.farnostrana.cz\/index.php?rest_route=%2Fwp%2Fv2%2Fcomments&post=1106"}],"version-history":[{"count":1,"href":"https:\/\/www.farnostrana.cz\/index.php?rest_route=\/wp\/v2\/posts\/1106\/revisions"}],"predecessor-version":[{"id":1107,"href":"https:\/\/www.farnostrana.cz\/index.php?rest_route=\/wp\/v2\/posts\/1106\/revisions\/1107"}],"wp:attachment":[{"href":"https:\/\/www.farnostrana.cz\/index.php?rest_route=%2Fwp%2Fv2%2Fmedia&parent=1106"}],"wp:term":[{"taxonomy":"category","embeddable":true,"href":"https:\/\/www.farnostrana.cz\/index.php?rest_route=%2Fwp%2Fv2%2Fcategories&post=1106"},{"taxonomy":"post_tag","embeddable":true,"href":"https:\/\/www.farnostrana.cz\/index.php?rest_route=%2Fwp%2Fv2%2Ftags&post=1106"}],"curies":[{"name":"wp","href":"https:\/\/api.w.org\/{rel}","templated":true}]}}