{"id":1050,"date":"2020-10-25T14:02:14","date_gmt":"2020-10-25T12:02:14","guid":{"rendered":"https:\/\/www.farnostrana.cz\/?p=1050"},"modified":"2020-10-25T14:02:51","modified_gmt":"2020-10-25T12:02:51","slug":"ohlasky-30-nedele-v-mezidobi-25-10-2020","status":"publish","type":"post","link":"https:\/\/www.farnostrana.cz\/?p=1050","title":{"rendered":"Ohl\u00e1\u0161ky \u2013 30. ned\u011ble v mezidob\u00ed 25. 10. 2020"},"content":{"rendered":"\n<ul class=\"wp-block-list\"><li>M\u0161e svat\u00e9: v p\u00e1tek v&nbsp;18 h, v&nbsp;ned\u011bli v 9:30 h. V&nbsp;pond\u011bl\u00ed 2.11. v&nbsp;18 h. Nebude m\u0161e sv. v&nbsp;Holet\u00edn\u011b ani pobo\u017enosti na h\u0159bitovech.<\/li><li>Z na\u0159\u00edzen\u00ed Vl\u00e1dy \u010cR a krizov\u00e9ho \u0161t\u00e1bu kv\u016fli zhor\u0161en\u00e9 situaci pandemie COVID \u2013 19 sm\u00ed b\u00fdt nyn\u00ed na bohoslu\u017eb\u00e1ch krom\u011b person\u00e1lu jen 6 osob. Proto: na konkr\u00e9tn\u00ed m\u0161i m\u016f\u017ee p\u0159ij\u00edt rodina, kter\u00e1 m\u00e1 objednanou intenci. M\u0161e svat\u00e9 z&nbsp;kostela budou p\u0159en\u00e1\u0161eny \u017eiv\u011b na Fcb a YouTube. Svat\u00e9 p\u0159ij\u00edm\u00e1n\u00ed se bude pod\u00e1vat v&nbsp;ned\u011bli po skon\u010den\u00ed m\u0161e v&nbsp;kostele od 10 do 11 h, rozvoz eucharistie se tuto ned\u011bli ze zdravotn\u00edch d\u016fvod\u016f nekon\u00e1. Zpov\u00edd\u00e1n\u00ed p\u0159ede m\u0161\u00ed nebo na po\u017e\u00e1d\u00e1n\u00ed.<\/li><li>N\u00e1bo\u017eenstv\u00ed odpad\u00e1 do skon\u010den\u00ed mimo\u0159\u00e1dn\u00fdch opat\u0159en\u00ed.<\/li><li>Nem\u016f\u017eeme konat sb\u00edrky, platit faktur v\u0161ak mus\u00edme. Pros\u00edm, po\u0161lete sv\u016fj finan\u010dn\u00ed p\u0159\u00edsp\u011bvek m\u00edsto sb\u00edrky na farn\u00ed \u00fa\u010det \u010d. 1143545379\/0800, nebo jej doneste na faru. D\u011bkuji!<\/li><li>Komunitn\u00ed centrum F.X.Mimry: akce se ru\u0161\u00ed do doby zlep\u0161en\u00ed epidemiologick\u00e9 situace.<\/li><li>Katolick\u00fd t\u00fdden\u00edk: Nab\u00eddnout ruku k pomoci; T\u00e9ma: V\u00fdchova ke ctnostem; Perspektivy: Hle\u010fme na past\u00fd\u0159e Franti\u0161ka; rozhovor se Zde\u0148kem Polol\u00e1n\u00edkem; Doma: Dom\u00e1c\u00ed pr\u00e1ce.<\/li><\/ul>\n","protected":false},"excerpt":{"rendered":"<p>M\u0161e svat\u00e9: v p\u00e1tek v&nbsp;18 h, v&nbsp;ned\u011bli v 9:30 h. V&nbsp;pond\u011bl\u00ed 2.11. v&nbsp;18 h. Nebude m\u0161e sv. v&nbsp;Holet\u00edn\u011b ani pobo\u017enosti na h\u0159bitovech. Z na\u0159\u00edzen\u00ed Vl\u00e1dy \u010cR a krizov\u00e9ho \u0161t\u00e1bu kv\u016fli zhor\u0161en\u00e9 situaci pandemie COVID \u2013 19 sm\u00ed b\u00fdt nyn\u00ed na <a class=\"more-link\" href=\"https:\/\/www.farnostrana.cz\/?p=1050\">Cel\u00fd \u010dl\u00e1nek  <span class=\"screen-reader-text\">  Ohl\u00e1\u0161ky \u2013 30. ned\u011ble v mezidob\u00ed 25. 10. 2020<\/span><span class=\"meta-nav\">&rarr;<\/span><\/a><\/p>\n","protected":false},"author":1,"featured_media":0,"comment_status":"closed","ping_status":"open","sticky":false,"template":"","format":"standard","meta":{"_monsterinsights_skip_tracking":false,"_monsterinsights_sitenote_active":false,"_monsterinsights_sitenote_note":"","_monsterinsights_sitenote_category":0,"footnotes":""},"categories":[3],"tags":[],"class_list":["post-1050","post","type-post","status-publish","format-standard","hentry","category-ohlasky"],"_links":{"self":[{"href":"https:\/\/www.farnostrana.cz\/index.php?rest_route=\/wp\/v2\/posts\/1050","targetHints":{"allow":["GET"]}}],"collection":[{"href":"https:\/\/www.farnostrana.cz\/index.php?rest_route=\/wp\/v2\/posts"}],"about":[{"href":"https:\/\/www.farnostrana.cz\/index.php?rest_route=\/wp\/v2\/types\/post"}],"author":[{"embeddable":true,"href":"https:\/\/www.farnostrana.cz\/index.php?rest_route=\/wp\/v2\/users\/1"}],"replies":[{"embeddable":true,"href":"https:\/\/www.farnostrana.cz\/index.php?rest_route=%2Fwp%2Fv2%2Fcomments&post=1050"}],"version-history":[{"count":1,"href":"https:\/\/www.farnostrana.cz\/index.php?rest_route=\/wp\/v2\/posts\/1050\/revisions"}],"predecessor-version":[{"id":1051,"href":"https:\/\/www.farnostrana.cz\/index.php?rest_route=\/wp\/v2\/posts\/1050\/revisions\/1051"}],"wp:attachment":[{"href":"https:\/\/www.farnostrana.cz\/index.php?rest_route=%2Fwp%2Fv2%2Fmedia&parent=1050"}],"wp:term":[{"taxonomy":"category","embeddable":true,"href":"https:\/\/www.farnostrana.cz\/index.php?rest_route=%2Fwp%2Fv2%2Fcategories&post=1050"},{"taxonomy":"post_tag","embeddable":true,"href":"https:\/\/www.farnostrana.cz\/index.php?rest_route=%2Fwp%2Fv2%2Ftags&post=1050"}],"curies":[{"name":"wp","href":"https:\/\/api.w.org\/{rel}","templated":true}]}}