{"id":1044,"date":"2020-10-17T18:20:46","date_gmt":"2020-10-17T16:20:46","guid":{"rendered":"https:\/\/www.farnostrana.cz\/?p=1044"},"modified":"2020-10-17T18:20:58","modified_gmt":"2020-10-17T16:20:58","slug":"ohlasky-29-nedele-v-mezidobi-18-10-2020","status":"publish","type":"post","link":"https:\/\/www.farnostrana.cz\/?p=1044","title":{"rendered":"Ohl\u00e1\u0161ky \u2013 29. ned\u011ble v mezidob\u00ed 18. 10. 2020"},"content":{"rendered":"\n<ul class=\"wp-block-list\"><li>M\u0161e svat\u00e9: v p\u00e1tek v&nbsp;18 h, v&nbsp;ned\u011bli v 9:30 h. Posv\u00edcensk\u00e9 m\u0161e jsou zru\u0161eny. Dnes se modl\u00edme za misie.<\/li><li>Zm\u011bna \u010dasu ze soboty na ned\u011bli \u2013 nezapome\u0148te si posunout hodiny!<\/li><li>Z na\u0159\u00edzen\u00ed Vl\u00e1dy \u010cR a krizov\u00e9ho \u0161t\u00e1bu kv\u016fli zhor\u0161en\u00e9 situaci pandemie COVID \u2013 19 sm\u00ed b\u00fdt nyn\u00ed na bohoslu\u017eb\u00e1ch krom\u011b person\u00e1lu jen 6 osob. Proto: na konkr\u00e9tn\u00ed m\u0161i m\u016f\u017ee p\u0159ij\u00edt rodina, kter\u00e1 m\u00e1 objednanou intenci. M\u0161e svat\u00e9 z&nbsp;kostela budou p\u0159en\u00e1\u0161eny \u017eiv\u011b na Fcb a YouTube. Svat\u00e9 p\u0159ij\u00edm\u00e1n\u00ed se bude pod\u00e1vat v&nbsp;ned\u011bli po skon\u010den\u00ed m\u0161e v&nbsp;kostele od 10 do 11 h, sou\u010dasn\u011b akolyt\u00e9 zavezou Eucharistii do Old\u0159etic a Pok\u0159ikova, tak\u00e9 do Kladna. Zpov\u00edd\u00e1n\u00ed p\u0159ede m\u0161\u00ed nebo na po\u017e\u00e1d\u00e1n\u00ed.<\/li><li>N\u00e1bo\u017eenstv\u00ed odpad\u00e1 do skon\u010den\u00ed mimo\u0159\u00e1dn\u00fdch opat\u0159en\u00ed.<\/li><li>Oprava dve\u0159\u00ed kostela st\u00e1la 36 tis. K\u010d.&nbsp;<\/li><li>Nem\u016f\u017eeme konat sb\u00edrky, platit faktur v\u0161ak mus\u00edme. Pros\u00edm, po\u0161lete sv\u016fj finan\u010dn\u00ed p\u0159\u00edsp\u011bvek m\u00edsto sb\u00edrky na farn\u00ed \u00fa\u010det \u010d. 1143545379\/0800, nebo jej doneste na faru. D\u011bkuji!<\/li><li>Komunitn\u00ed centrum F.X.Mimry: akce se ru\u0161\u00ed do doby zlep\u0161en\u00ed epidemiologick\u00e9 situace.<\/li><li>Katolick\u00fd t\u00fdden\u00edk: N\u00e1vrat k&nbsp;online bohoslu\u017eb\u00e1m; T\u00e9ma: Vojensk\u00e1 duchovn\u00ed slu\u017eba; Perspektivy: Spor o N\u00e1horn\u00ed Karabach; rozhovor s&nbsp;Jeanem Danielem z&nbsp;komunity Taize; V\u00fdherci Velk\u00e9 letn\u00ed sout\u011b\u017ee.<\/li><\/ul>\n","protected":false},"excerpt":{"rendered":"<p>M\u0161e svat\u00e9: v p\u00e1tek v&nbsp;18 h, v&nbsp;ned\u011bli v 9:30 h. Posv\u00edcensk\u00e9 m\u0161e jsou zru\u0161eny. Dnes se modl\u00edme za misie. Zm\u011bna \u010dasu ze soboty na ned\u011bli \u2013 nezapome\u0148te si posunout hodiny! Z na\u0159\u00edzen\u00ed Vl\u00e1dy \u010cR a krizov\u00e9ho \u0161t\u00e1bu kv\u016fli zhor\u0161en\u00e9 situaci <a class=\"more-link\" href=\"https:\/\/www.farnostrana.cz\/?p=1044\">Cel\u00fd \u010dl\u00e1nek  <span class=\"screen-reader-text\">  Ohl\u00e1\u0161ky \u2013 29. ned\u011ble v mezidob\u00ed 18. 10. 2020<\/span><span class=\"meta-nav\">&rarr;<\/span><\/a><\/p>\n","protected":false},"author":1,"featured_media":0,"comment_status":"closed","ping_status":"open","sticky":false,"template":"","format":"standard","meta":{"_monsterinsights_skip_tracking":false,"_monsterinsights_sitenote_active":false,"_monsterinsights_sitenote_note":"","_monsterinsights_sitenote_category":0,"footnotes":""},"categories":[3],"tags":[],"class_list":["post-1044","post","type-post","status-publish","format-standard","hentry","category-ohlasky"],"_links":{"self":[{"href":"https:\/\/www.farnostrana.cz\/index.php?rest_route=\/wp\/v2\/posts\/1044","targetHints":{"allow":["GET"]}}],"collection":[{"href":"https:\/\/www.farnostrana.cz\/index.php?rest_route=\/wp\/v2\/posts"}],"about":[{"href":"https:\/\/www.farnostrana.cz\/index.php?rest_route=\/wp\/v2\/types\/post"}],"author":[{"embeddable":true,"href":"https:\/\/www.farnostrana.cz\/index.php?rest_route=\/wp\/v2\/users\/1"}],"replies":[{"embeddable":true,"href":"https:\/\/www.farnostrana.cz\/index.php?rest_route=%2Fwp%2Fv2%2Fcomments&post=1044"}],"version-history":[{"count":2,"href":"https:\/\/www.farnostrana.cz\/index.php?rest_route=\/wp\/v2\/posts\/1044\/revisions"}],"predecessor-version":[{"id":1046,"href":"https:\/\/www.farnostrana.cz\/index.php?rest_route=\/wp\/v2\/posts\/1044\/revisions\/1046"}],"wp:attachment":[{"href":"https:\/\/www.farnostrana.cz\/index.php?rest_route=%2Fwp%2Fv2%2Fmedia&parent=1044"}],"wp:term":[{"taxonomy":"category","embeddable":true,"href":"https:\/\/www.farnostrana.cz\/index.php?rest_route=%2Fwp%2Fv2%2Fcategories&post=1044"},{"taxonomy":"post_tag","embeddable":true,"href":"https:\/\/www.farnostrana.cz\/index.php?rest_route=%2Fwp%2Fv2%2Ftags&post=1044"}],"curies":[{"name":"wp","href":"https:\/\/api.w.org\/{rel}","templated":true}]}}