{"id":1042,"date":"2020-10-10T09:48:35","date_gmt":"2020-10-10T07:48:35","guid":{"rendered":"https:\/\/www.farnostrana.cz\/?p=1042"},"modified":"2020-10-10T09:48:39","modified_gmt":"2020-10-10T07:48:39","slug":"ohlasky-28-nedele-v-mezidobi-11-10-2020","status":"publish","type":"post","link":"https:\/\/www.farnostrana.cz\/?p=1042","title":{"rendered":"Ohl\u00e1\u0161ky \u2013 28. ned\u011ble v mezidob\u00ed 11. 10. 2020"},"content":{"rendered":"\n<ul class=\"wp-block-list\"><li>M\u0161e svat\u00e9: v p\u00e1tek v\u00a018 h, v\u00a0ned\u011bli v 9:30 h. Posv\u00edcensk\u00e9 m\u0161e jsou zru\u0161eny.<\/li><li>Z na\u0159\u00edzen\u00ed Vl\u00e1dy \u010cR a krizov\u00e9ho \u0161t\u00e1bu kv\u016fli zhor\u0161en\u00e9 situaci pandemie COVID \u2013 19 sm\u00ed b\u00fdt od pond\u011bl\u00ed na bohoslu\u017eb\u00e1ch krom\u011b person\u00e1lu jen 10 osob. Proto zavedeme opat\u0159en\u00ed jako na ja\u0159e: na konkr\u00e9tn\u00ed m\u0161i m\u016f\u017ee p\u0159ij\u00edt rodina, kter\u00e1 m\u00e1 objednanou intenci. M\u0161e svat\u00e9 z\u00a0kostela budou p\u0159en\u00e1\u0161eny \u017eiv\u011b p\u0159es Internet. Svat\u00e9 p\u0159ij\u00edm\u00e1n\u00ed se bude pod\u00e1vat v\u00a0ned\u011bli po skon\u010den\u00ed m\u0161e v\u00a0kostele od 10 do 11 h, sou\u010dasn\u011b akolyt\u00e9 zavezou Eucharistii do Old\u0159etic a Pok\u0159ikova, tak\u00e9 do Kladna. Zpov\u00edd\u00e1n\u00ed p\u0159ede m\u0161\u00ed nebo na po\u017e\u00e1d\u00e1n\u00ed.<\/li><li>Dispens od ned\u011bln\u00edch bohoslu\u017eeb ud\u011bluje otec biskup od nyn\u011bj\u0161ka v\u0161em, kdo jsou v\u00a0karant\u00e9n\u011b, nebo se opr\u00e1vn\u011bn\u011b ob\u00e1vaj\u00ed n\u00e1kazy (senio\u0159i, chronicky nemocn\u00ed). Vyz\u00fdv\u00e1 k\u00a0dodr\u017eov\u00e1n\u00ed hygienick\u00fdch opat\u0159en\u00edch vyhl\u00e1\u0161en\u00fdch kompetentn\u00edmi \u00fa\u0159ady.<\/li><li>N\u00e1bo\u017eenstv\u00ed se bude v\u00a0n\u00e1sleduj\u00edc\u00edm t\u00fddnu u\u010dit norm\u00e1ln\u011b dle rozpisu.<\/li><li>Oprava dve\u0159\u00ed kostela \u2013 jsou hotov\u00e9 v\u0161echny dve\u0159e na kostele. Je\u0161t\u011b se oprav\u00ed dve\u0159e do kaple v\u00a0Holet\u00edn\u011b.\u00a0<\/li><li>Komunitn\u00ed centrum F.X.Mimry: akce se ru\u0161\u00ed do doby zlep\u0161en\u00ed epidemiologick\u00e9 situace.<\/li><li>Katolick\u00fd t\u00fdden\u00edk: Franti\u0161kova vize bratrsk\u00e9 l\u00e1sky; T\u00e9ma: Rozd\u011blen\u00e1 Amerika; Perspektivy: O c\u00edrkvi vych\u00e1zej\u00edc\u00ed; rozhovor s\u00a0P.Radomilem Kal\u00e1bem; Doma: Um\u011bn\u00ed jako dobrodru\u017estv\u00ed.<\/li><\/ul>\n","protected":false},"excerpt":{"rendered":"<p>M\u0161e svat\u00e9: v p\u00e1tek v\u00a018 h, v\u00a0ned\u011bli v 9:30 h. Posv\u00edcensk\u00e9 m\u0161e jsou zru\u0161eny. Z na\u0159\u00edzen\u00ed Vl\u00e1dy \u010cR a krizov\u00e9ho \u0161t\u00e1bu kv\u016fli zhor\u0161en\u00e9 situaci pandemie COVID \u2013 19 sm\u00ed b\u00fdt od pond\u011bl\u00ed na bohoslu\u017eb\u00e1ch krom\u011b person\u00e1lu jen 10 osob. Proto <a class=\"more-link\" href=\"https:\/\/www.farnostrana.cz\/?p=1042\">Cel\u00fd \u010dl\u00e1nek  <span class=\"screen-reader-text\">  Ohl\u00e1\u0161ky \u2013 28. ned\u011ble v mezidob\u00ed 11. 10. 2020<\/span><span class=\"meta-nav\">&rarr;<\/span><\/a><\/p>\n","protected":false},"author":1,"featured_media":0,"comment_status":"closed","ping_status":"open","sticky":false,"template":"","format":"standard","meta":{"_monsterinsights_skip_tracking":false,"_monsterinsights_sitenote_active":false,"_monsterinsights_sitenote_note":"","_monsterinsights_sitenote_category":0,"footnotes":""},"categories":[3],"tags":[],"class_list":["post-1042","post","type-post","status-publish","format-standard","hentry","category-ohlasky"],"_links":{"self":[{"href":"https:\/\/www.farnostrana.cz\/index.php?rest_route=\/wp\/v2\/posts\/1042","targetHints":{"allow":["GET"]}}],"collection":[{"href":"https:\/\/www.farnostrana.cz\/index.php?rest_route=\/wp\/v2\/posts"}],"about":[{"href":"https:\/\/www.farnostrana.cz\/index.php?rest_route=\/wp\/v2\/types\/post"}],"author":[{"embeddable":true,"href":"https:\/\/www.farnostrana.cz\/index.php?rest_route=\/wp\/v2\/users\/1"}],"replies":[{"embeddable":true,"href":"https:\/\/www.farnostrana.cz\/index.php?rest_route=%2Fwp%2Fv2%2Fcomments&post=1042"}],"version-history":[{"count":1,"href":"https:\/\/www.farnostrana.cz\/index.php?rest_route=\/wp\/v2\/posts\/1042\/revisions"}],"predecessor-version":[{"id":1043,"href":"https:\/\/www.farnostrana.cz\/index.php?rest_route=\/wp\/v2\/posts\/1042\/revisions\/1043"}],"wp:attachment":[{"href":"https:\/\/www.farnostrana.cz\/index.php?rest_route=%2Fwp%2Fv2%2Fmedia&parent=1042"}],"wp:term":[{"taxonomy":"category","embeddable":true,"href":"https:\/\/www.farnostrana.cz\/index.php?rest_route=%2Fwp%2Fv2%2Fcategories&post=1042"},{"taxonomy":"post_tag","embeddable":true,"href":"https:\/\/www.farnostrana.cz\/index.php?rest_route=%2Fwp%2Fv2%2Ftags&post=1042"}],"curies":[{"name":"wp","href":"https:\/\/api.w.org\/{rel}","templated":true}]}}