{"id":1039,"date":"2020-10-03T20:23:29","date_gmt":"2020-10-03T18:23:29","guid":{"rendered":"https:\/\/www.farnostrana.cz\/?p=1039"},"modified":"2020-10-03T20:24:54","modified_gmt":"2020-10-03T18:24:54","slug":"ohlasky-27-nedele-v-mezidobi-4-10-2020","status":"publish","type":"post","link":"https:\/\/www.farnostrana.cz\/?p=1039","title":{"rendered":"Ohl\u00e1\u0161ky \u2013 27. ned\u011ble v mezidob\u00ed 4. 10. 2020"},"content":{"rendered":"\n<ul class=\"wp-block-list\"><li>M\u0161e svat\u00e9: v\u00a0\u00fater\u00fd ve 13 h poh\u0159eb +Jaroslav Du\u0161ek, v p\u00e1tek v\u00a018 h, v\u00a0ned\u011bli v 9:30 h v\u00a0Ran\u00e9 a v\u00a011 h v Proset\u00edn\u011b.<\/li><li>M\u0161e sv. za \u010dleny \u017eiv\u00e9ho r\u016f\u017eence se odkl\u00e1d\u00e1 na p\u00e1tek 9.10.<\/li><li>Dispens od ned\u011bln\u00edch bohoslu\u017eeb ud\u011bluje otec biskup od nyn\u011bj\u0161ka v\u0161em, kdo jsou v\u00a0karant\u00e9n\u011b, nebo se opr\u00e1vn\u011bn\u011b ob\u00e1vaj\u00ed n\u00e1kazy (senio\u0159i, chronicky nemocn\u00ed). Vyz\u00fdv\u00e1 k\u00a0dodr\u017eov\u00e1n\u00ed hygienick\u00fdch opat\u0159en\u00edch vyhl\u00e1\u0161en\u00fdch kompetentn\u00edmi \u00fa\u0159ady.<\/li><li>Oprava dve\u0159\u00ed kostela \u2013 jsou hotov\u00e9 od sakristie a Bo\u017e\u00edho hrobu, pracuje se na dal\u0161\u00edch.<\/li><li>Kurz Alfa pro farn\u00edky dnes v\u00a017:30 h na gymn\u00e1ziu ve Skut\u010di. Kv\u016fli na\u0159\u00edzen\u00ed vl\u00e1dy p\u0159eru\u0161ujeme kurz na nezbytnou dobu.<\/li><li>Komunitn\u00ed centrum F.X.Mimry \u2013 setk\u00e1v\u00e1n\u00ed senior\u016f se odkl\u00e1d\u00e1 do doby zlep\u0161en\u00ed epidemiologick\u00e9 situace.<\/li><li>D\u011bkuji v\u0161em, kdo jste se z\u00fa\u010dastnili voleb!\u00a0<\/li><li>Katolick\u00fd t\u00fdden\u00edk: Starost o zemi sv. V\u00e1clava; T\u00e9ma: Nebezpe\u010dn\u00e1 literatura; Perspektivy: v\u00fdro\u010d\u00ed \u00famrt\u00ed biskupa Sedl\u00e1ka; rozhovor s\u00a0P.Martinem Leitg\u00f6blem; Doma: Modlitba man\u017eel\u016f.<\/li><\/ul>\n","protected":false},"excerpt":{"rendered":"<p>M\u0161e svat\u00e9: v\u00a0\u00fater\u00fd ve 13 h poh\u0159eb +Jaroslav Du\u0161ek, v p\u00e1tek v\u00a018 h, v\u00a0ned\u011bli v 9:30 h v\u00a0Ran\u00e9 a v\u00a011 h v Proset\u00edn\u011b. M\u0161e sv. za \u010dleny \u017eiv\u00e9ho r\u016f\u017eence se odkl\u00e1d\u00e1 na p\u00e1tek 9.10. Dispens od ned\u011bln\u00edch bohoslu\u017eeb ud\u011bluje otec <a class=\"more-link\" href=\"https:\/\/www.farnostrana.cz\/?p=1039\">Cel\u00fd \u010dl\u00e1nek  <span class=\"screen-reader-text\">  Ohl\u00e1\u0161ky \u2013 27. ned\u011ble v mezidob\u00ed 4. 10. 2020<\/span><span class=\"meta-nav\">&rarr;<\/span><\/a><\/p>\n","protected":false},"author":1,"featured_media":0,"comment_status":"closed","ping_status":"open","sticky":false,"template":"","format":"standard","meta":{"_monsterinsights_skip_tracking":false,"_monsterinsights_sitenote_active":false,"_monsterinsights_sitenote_note":"","_monsterinsights_sitenote_category":0,"footnotes":""},"categories":[3],"tags":[],"class_list":["post-1039","post","type-post","status-publish","format-standard","hentry","category-ohlasky"],"_links":{"self":[{"href":"https:\/\/www.farnostrana.cz\/index.php?rest_route=\/wp\/v2\/posts\/1039","targetHints":{"allow":["GET"]}}],"collection":[{"href":"https:\/\/www.farnostrana.cz\/index.php?rest_route=\/wp\/v2\/posts"}],"about":[{"href":"https:\/\/www.farnostrana.cz\/index.php?rest_route=\/wp\/v2\/types\/post"}],"author":[{"embeddable":true,"href":"https:\/\/www.farnostrana.cz\/index.php?rest_route=\/wp\/v2\/users\/1"}],"replies":[{"embeddable":true,"href":"https:\/\/www.farnostrana.cz\/index.php?rest_route=%2Fwp%2Fv2%2Fcomments&post=1039"}],"version-history":[{"count":2,"href":"https:\/\/www.farnostrana.cz\/index.php?rest_route=\/wp\/v2\/posts\/1039\/revisions"}],"predecessor-version":[{"id":1041,"href":"https:\/\/www.farnostrana.cz\/index.php?rest_route=\/wp\/v2\/posts\/1039\/revisions\/1041"}],"wp:attachment":[{"href":"https:\/\/www.farnostrana.cz\/index.php?rest_route=%2Fwp%2Fv2%2Fmedia&parent=1039"}],"wp:term":[{"taxonomy":"category","embeddable":true,"href":"https:\/\/www.farnostrana.cz\/index.php?rest_route=%2Fwp%2Fv2%2Fcategories&post=1039"},{"taxonomy":"post_tag","embeddable":true,"href":"https:\/\/www.farnostrana.cz\/index.php?rest_route=%2Fwp%2Fv2%2Ftags&post=1039"}],"curies":[{"name":"wp","href":"https:\/\/api.w.org\/{rel}","templated":true}]}}