{"id":1033,"date":"2020-09-26T21:25:34","date_gmt":"2020-09-26T19:25:34","guid":{"rendered":"https:\/\/www.farnostrana.cz\/?p=1033"},"modified":"2020-09-26T21:25:39","modified_gmt":"2020-09-26T19:25:39","slug":"ohlasky-26-nedele-v-mezidobi-27-9-2020","status":"publish","type":"post","link":"https:\/\/www.farnostrana.cz\/?p=1033","title":{"rendered":"Ohl\u00e1\u0161ky \u2013 26. ned\u011ble v mezidob\u00ed 27. 9. 2020"},"content":{"rendered":"\n<ul class=\"wp-block-list\"><li>M\u0161e svat\u00e9: v&nbsp;pond\u011bl\u00ed na sv. V\u00e1clava v&nbsp;18 h, v p\u00e1tek v&nbsp;18 h s adorac\u00ed, v&nbsp;ned\u011bli v&nbsp;8 h v&nbsp;Holet\u00edn\u011b a v 9:30 h v Ran\u00e9. Vzhledem ke zhor\u0161en\u00e9 epidemiologick\u00e9 situaci budou p\u0159i p\u011bkn\u00e9m po\u010das\u00ed ned\u011bln\u00ed m\u0161e venku, jinak v&nbsp;kostele s rou\u0161kou.<\/li><li>M\u0161e sv. za \u010dleny \u017eiv\u00e9ho r\u016f\u017eence se odkl\u00e1d\u00e1 na p\u00e1tek 9.10. s&nbsp;n\u00e1sledn\u00fdm posezen\u00edm.<\/li><li>Na p\u00e1te\u010dn\u00ed m\u0161i sv. se k&nbsp;n\u00e1m chyst\u00e1 skupinka bohoslovc\u016f z&nbsp;olomouck\u00e9ho semin\u00e1\u0159e.<\/li><li>Dnes vych\u00e1z\u00ed nov\u00fd Zpravodaj farnost\u00ed, k&nbsp;dispozici na stole\u010dku i na webu. D\u011bkuji v\u0161em p\u0159isp\u011bvovatel\u016fm i redakci!<\/li><li>P\u0159i TICH\u00c9 SB\u00cdRCE na opravy jsme vybrali 6&nbsp;640 K\u010d.<\/li><li>Oprava dve\u0159\u00ed kostela \u2013 jsou hotov\u00e9 od sakristie a Bo\u017e\u00edho hrobu, pracuje se na dal\u0161\u00edch.<\/li><li>Kurz Alfa pro farn\u00edky ka\u017edou&nbsp;ned\u011bli v&nbsp;17:30 h na gymn\u00e1ziu ve Skut\u010di. Tentokr\u00e1t v\u00fdjime\u010dn\u011b v&nbsp;pond\u011bl\u00ed 28.9. P\u0159ij\u010fte!<\/li><li>Komunitn\u00ed centrum F.X.Mimry \u2013 p\u0159ipravuj\u00ed se p\u0159edn\u00e1\u0161ky od \u0159\u00edjna.<\/li><li>P\u0159\u00ed\u0161t\u00ed v\u00edkend 2, a 3.10. prob\u011bhnou volby do zastupitelstva kraje a \u010d\u00e1sti Sen\u00e1tu. Pros\u00edm, b\u011b\u017ete volit v\u0161ichni! Vyberte si kteroukoliv demokratickou stranu, ale jd\u011bte!<\/li><li>Katolick\u00fd t\u00fdden\u00edk: Sv. V\u00e1clav v\u010detn\u011b p\u0159\u00edlohy; T\u00e9ma: K\u0159es\u0165ansk\u00e9 symboly v politice; Perspektivy: P\u0159inuceni k&nbsp;\u00fat\u011bku jako Je\u017e\u00ed\u0161; rozhovor s&nbsp;Martinem Zamazalem; Doma: sv. V\u00e1clav pro d\u011bti.<\/li><\/ul>\n","protected":false},"excerpt":{"rendered":"<p>M\u0161e svat\u00e9: v&nbsp;pond\u011bl\u00ed na sv. V\u00e1clava v&nbsp;18 h, v p\u00e1tek v&nbsp;18 h s adorac\u00ed, v&nbsp;ned\u011bli v&nbsp;8 h v&nbsp;Holet\u00edn\u011b a v 9:30 h v Ran\u00e9. Vzhledem ke zhor\u0161en\u00e9 epidemiologick\u00e9 situaci budou p\u0159i p\u011bkn\u00e9m po\u010das\u00ed ned\u011bln\u00ed m\u0161e venku, jinak v&nbsp;kostele s rou\u0161kou. <a class=\"more-link\" href=\"https:\/\/www.farnostrana.cz\/?p=1033\">Cel\u00fd \u010dl\u00e1nek  <span class=\"screen-reader-text\">  Ohl\u00e1\u0161ky \u2013 26. ned\u011ble v mezidob\u00ed 27. 9. 2020<\/span><span class=\"meta-nav\">&rarr;<\/span><\/a><\/p>\n","protected":false},"author":1,"featured_media":0,"comment_status":"closed","ping_status":"open","sticky":false,"template":"","format":"standard","meta":{"_monsterinsights_skip_tracking":false,"_monsterinsights_sitenote_active":false,"_monsterinsights_sitenote_note":"","_monsterinsights_sitenote_category":0,"footnotes":""},"categories":[3],"tags":[],"class_list":["post-1033","post","type-post","status-publish","format-standard","hentry","category-ohlasky"],"_links":{"self":[{"href":"https:\/\/www.farnostrana.cz\/index.php?rest_route=\/wp\/v2\/posts\/1033","targetHints":{"allow":["GET"]}}],"collection":[{"href":"https:\/\/www.farnostrana.cz\/index.php?rest_route=\/wp\/v2\/posts"}],"about":[{"href":"https:\/\/www.farnostrana.cz\/index.php?rest_route=\/wp\/v2\/types\/post"}],"author":[{"embeddable":true,"href":"https:\/\/www.farnostrana.cz\/index.php?rest_route=\/wp\/v2\/users\/1"}],"replies":[{"embeddable":true,"href":"https:\/\/www.farnostrana.cz\/index.php?rest_route=%2Fwp%2Fv2%2Fcomments&post=1033"}],"version-history":[{"count":1,"href":"https:\/\/www.farnostrana.cz\/index.php?rest_route=\/wp\/v2\/posts\/1033\/revisions"}],"predecessor-version":[{"id":1034,"href":"https:\/\/www.farnostrana.cz\/index.php?rest_route=\/wp\/v2\/posts\/1033\/revisions\/1034"}],"wp:attachment":[{"href":"https:\/\/www.farnostrana.cz\/index.php?rest_route=%2Fwp%2Fv2%2Fmedia&parent=1033"}],"wp:term":[{"taxonomy":"category","embeddable":true,"href":"https:\/\/www.farnostrana.cz\/index.php?rest_route=%2Fwp%2Fv2%2Fcategories&post=1033"},{"taxonomy":"post_tag","embeddable":true,"href":"https:\/\/www.farnostrana.cz\/index.php?rest_route=%2Fwp%2Fv2%2Ftags&post=1033"}],"curies":[{"name":"wp","href":"https:\/\/api.w.org\/{rel}","templated":true}]}}