{"id":1031,"date":"2020-09-19T21:42:44","date_gmt":"2020-09-19T19:42:44","guid":{"rendered":"https:\/\/www.farnostrana.cz\/?p=1031"},"modified":"2020-09-19T21:42:49","modified_gmt":"2020-09-19T19:42:49","slug":"ohlasky-25-nedele-v-mezidobi-20-9-2020","status":"publish","type":"post","link":"https:\/\/www.farnostrana.cz\/?p=1031","title":{"rendered":"Ohl\u00e1\u0161ky \u2013 25. ned\u011ble v mezidob\u00ed 20. 9. 2020"},"content":{"rendered":"\n<ul class=\"wp-block-list\"><li>M\u0161e svat\u00e9: v p\u00e1tek v&nbsp;18 h, v&nbsp;ned\u011bli v 9:30 h. Vzhledem ke zhor\u0161en\u00e9 epidemiologick\u00e9 situaci budou ned\u011bln\u00ed m\u0161e venku.<\/li><li>P\u0159i sb\u00edrce je na c\u00edrkevn\u00ed \u0161kolstv\u00ed jsme vybrali 3&nbsp;417 K\u010d. Dnes TICH\u00c1 SB\u00cdRKA na opravy.<\/li><li>V&nbsp;ned\u011bli 13.9. prob\u011bhlo ustavuj\u00edc\u00ed jedn\u00e1n\u00ed nov\u00e9 Ekonomick\u00e9 rady farnosti. Po zhodnocen\u00ed celkov\u00e9 ekonomick\u00e9 situace farnosti byl prob\u00edr\u00e1n pl\u00e1n investic, p\u0159edev\u0161\u00edm opravy kostela a fary. Z\u00e1pis je na v\u00fdv\u011bsce.<\/li><li>Kurz Alfa pro farn\u00edky ka\u017edou&nbsp;ned\u011bli v&nbsp;17:30 h na gymn\u00e1ziu ve Skut\u010di. P\u0159ij\u010fte!<\/li><li>V\u00fduka n\u00e1bo\u017eenstv\u00ed za\u010dala. Je\u0161t\u011b je mo\u017en\u00e9 p\u0159ihla\u0161ovat dal\u0161\u00ed d\u011bti. P\u0159ihl\u00e1\u0161ky do n\u00e1bo\u017eenstv\u00ed na \u0161koln\u00ed rok 2020\/21 jsou k&nbsp;dispozici v&nbsp;kostele a webu farnosti. Zakoupili jsme nov\u00e9 u\u010debnice n\u00e1bo\u017eenstv\u00ed.<\/li><li>Svatov\u00e1clavsk\u00fd ples 26.9. NEBUDE \u2013 z&nbsp;d\u016fvodu zhor\u0161en\u00ed epidemiologick\u00e9 situace a nov\u00fdm omezen\u00edm.<\/li><li>Anim\u00e1torsk\u00fd kurz \u2013 doporu\u010duji v\u0161em mlad\u00fdm, p\u0159ihla\u0161ov\u00e1n\u00ed do 30.9. na www.dihk.cz.<\/li><li>Komunitn\u00ed centrum F.X.Mimry \u2013 p\u0159ipravuj\u00ed se p\u0159edn\u00e1\u0161ky od \u0159\u00edjna.<\/li><li>Pros\u00edm o pomoc \u2013 se\u010den\u00ed tr\u00e1vy kolem kostela ve st\u0159edu od 16 h a v&nbsp;sobotu v&nbsp;8 h zast\u0159e\u0161en\u00ed boudy na farn\u00ed zahrad\u011b. N\u00e1\u0159ad\u00ed s&nbsp;sebou!<\/li><li>Katolick\u00fd t\u00fdden\u00edk: Lesn\u00e1 se raduje z&nbsp;nov\u00e9ho kostela; T\u00e9ma: Jak \u010d\u00edst Bibli; Perspektivy: Spole\u010dn\u011b vydat sv\u011bdectv\u00ed; rozhovor s&nbsp;biskupem V\u00e1clavem Mal\u00fdm; Doma: Ve\u010fme d\u011bti k um\u011bn\u00ed.<\/li><\/ul>\n","protected":false},"excerpt":{"rendered":"<p>M\u0161e svat\u00e9: v p\u00e1tek v&nbsp;18 h, v&nbsp;ned\u011bli v 9:30 h. Vzhledem ke zhor\u0161en\u00e9 epidemiologick\u00e9 situaci budou ned\u011bln\u00ed m\u0161e venku. P\u0159i sb\u00edrce je na c\u00edrkevn\u00ed \u0161kolstv\u00ed jsme vybrali 3&nbsp;417 K\u010d. Dnes TICH\u00c1 SB\u00cdRKA na opravy. V&nbsp;ned\u011bli 13.9. prob\u011bhlo ustavuj\u00edc\u00ed jedn\u00e1n\u00ed nov\u00e9 <a class=\"more-link\" href=\"https:\/\/www.farnostrana.cz\/?p=1031\">Cel\u00fd \u010dl\u00e1nek  <span class=\"screen-reader-text\">  Ohl\u00e1\u0161ky \u2013 25. ned\u011ble v mezidob\u00ed 20. 9. 2020<\/span><span class=\"meta-nav\">&rarr;<\/span><\/a><\/p>\n","protected":false},"author":1,"featured_media":0,"comment_status":"closed","ping_status":"open","sticky":false,"template":"","format":"standard","meta":{"_monsterinsights_skip_tracking":false,"_monsterinsights_sitenote_active":false,"_monsterinsights_sitenote_note":"","_monsterinsights_sitenote_category":0,"footnotes":""},"categories":[3],"tags":[],"class_list":["post-1031","post","type-post","status-publish","format-standard","hentry","category-ohlasky"],"_links":{"self":[{"href":"https:\/\/www.farnostrana.cz\/index.php?rest_route=\/wp\/v2\/posts\/1031","targetHints":{"allow":["GET"]}}],"collection":[{"href":"https:\/\/www.farnostrana.cz\/index.php?rest_route=\/wp\/v2\/posts"}],"about":[{"href":"https:\/\/www.farnostrana.cz\/index.php?rest_route=\/wp\/v2\/types\/post"}],"author":[{"embeddable":true,"href":"https:\/\/www.farnostrana.cz\/index.php?rest_route=\/wp\/v2\/users\/1"}],"replies":[{"embeddable":true,"href":"https:\/\/www.farnostrana.cz\/index.php?rest_route=%2Fwp%2Fv2%2Fcomments&post=1031"}],"version-history":[{"count":1,"href":"https:\/\/www.farnostrana.cz\/index.php?rest_route=\/wp\/v2\/posts\/1031\/revisions"}],"predecessor-version":[{"id":1032,"href":"https:\/\/www.farnostrana.cz\/index.php?rest_route=\/wp\/v2\/posts\/1031\/revisions\/1032"}],"wp:attachment":[{"href":"https:\/\/www.farnostrana.cz\/index.php?rest_route=%2Fwp%2Fv2%2Fmedia&parent=1031"}],"wp:term":[{"taxonomy":"category","embeddable":true,"href":"https:\/\/www.farnostrana.cz\/index.php?rest_route=%2Fwp%2Fv2%2Fcategories&post=1031"},{"taxonomy":"post_tag","embeddable":true,"href":"https:\/\/www.farnostrana.cz\/index.php?rest_route=%2Fwp%2Fv2%2Ftags&post=1031"}],"curies":[{"name":"wp","href":"https:\/\/api.w.org\/{rel}","templated":true}]}}