{"id":1029,"date":"2020-09-12T12:12:31","date_gmt":"2020-09-12T10:12:31","guid":{"rendered":"https:\/\/www.farnostrana.cz\/?p=1029"},"modified":"2020-09-12T12:12:35","modified_gmt":"2020-09-12T10:12:35","slug":"ohlasky-24-nedele-v-mezidobi-13-9-2020","status":"publish","type":"post","link":"https:\/\/www.farnostrana.cz\/?p=1029","title":{"rendered":"Ohl\u00e1\u0161ky \u2013 24. ned\u011ble v mezidob\u00ed 13. 9. 2020"},"content":{"rendered":"\n<ul class=\"wp-block-list\"><li>M\u0161e svat\u00e9: v p\u00e1tek v&nbsp;18 h, v&nbsp;ned\u011bli v 9:30 h pro d\u011bti s&nbsp;loutkov\u00fdm k\u00e1z\u00e1n\u00edm. Po m\u0161i ministrantsk\u00e1 sch\u016fzka.<\/li><li>Dne\u0161n\u00ed sb\u00edrka je na c\u00edrkevn\u00ed \u0161kolstv\u00ed. P\u0159\u00ed\u0161t\u00ed ned\u011bli bude TICH\u00c1 SB\u00cdRKA.<\/li><li>Kurz Alfa pro farn\u00edky za\u010dne v&nbsp;ned\u011bli 13.9. na gymn\u00e1ziu ve Skut\u010di.&nbsp;<\/li><li>V\u00fduka n\u00e1bo\u017eenstv\u00ed za\u010dala. Je\u0161t\u011b je mo\u017en\u00e9 p\u0159ihla\u0161ovat dal\u0161\u00ed d\u011bti. P\u0159ihl\u00e1\u0161ky do n\u00e1bo\u017eenstv\u00ed na \u0161koln\u00ed rok 2020\/21 jsou k&nbsp;dispozici v&nbsp;kostele a webu farnosti. Zakoupili jsme nov\u00e9 u\u010debnice n\u00e1bo\u017eenstv\u00ed.<\/li><li>Svatov\u00e1clavsk\u00fd ples 26.9. NEBUDE \u2013 z&nbsp;d\u016fvodu zhor\u0161en\u00ed epidemiologick\u00e9 situace a nov\u00fdm omezen\u00edm.<\/li><li>Anim\u00e1torsk\u00fd kurz \u2013 doporu\u010duji v\u0161em mlad\u00fdm, p\u0159ihla\u0161ov\u00e1n\u00ed do 30.9. na www.dihk.cz.<\/li><li>Komunitn\u00ed centrum F.X.Mimry \u2013 p\u0159ipravuj\u00ed se p\u0159edn\u00e1\u0161ky od \u0159\u00edjna.<\/li><li>Katolick\u00fd t\u00fdden\u00edk: Pape\u017eova nov\u00e1 encyklika; T\u00e9ma: Farn\u00ed inspirace; Perspektivy: o historiku Josefu Peka\u0159ovi; rozhovor s&nbsp;Lubo\u0161em Ho\u0161kem; Doma: Logopedie.<\/li><\/ul>\n","protected":false},"excerpt":{"rendered":"<p>M\u0161e svat\u00e9: v p\u00e1tek v&nbsp;18 h, v&nbsp;ned\u011bli v 9:30 h pro d\u011bti s&nbsp;loutkov\u00fdm k\u00e1z\u00e1n\u00edm. Po m\u0161i ministrantsk\u00e1 sch\u016fzka. Dne\u0161n\u00ed sb\u00edrka je na c\u00edrkevn\u00ed \u0161kolstv\u00ed. P\u0159\u00ed\u0161t\u00ed ned\u011bli bude TICH\u00c1 SB\u00cdRKA. Kurz Alfa pro farn\u00edky za\u010dne v&nbsp;ned\u011bli 13.9. na gymn\u00e1ziu ve Skut\u010di.&nbsp; <a class=\"more-link\" href=\"https:\/\/www.farnostrana.cz\/?p=1029\">Cel\u00fd \u010dl\u00e1nek  <span class=\"screen-reader-text\">  Ohl\u00e1\u0161ky \u2013 24. ned\u011ble v mezidob\u00ed 13. 9. 2020<\/span><span class=\"meta-nav\">&rarr;<\/span><\/a><\/p>\n","protected":false},"author":1,"featured_media":0,"comment_status":"closed","ping_status":"open","sticky":false,"template":"","format":"standard","meta":{"_monsterinsights_skip_tracking":false,"_monsterinsights_sitenote_active":false,"_monsterinsights_sitenote_note":"","_monsterinsights_sitenote_category":0,"footnotes":""},"categories":[3],"tags":[],"class_list":["post-1029","post","type-post","status-publish","format-standard","hentry","category-ohlasky"],"_links":{"self":[{"href":"https:\/\/www.farnostrana.cz\/index.php?rest_route=\/wp\/v2\/posts\/1029","targetHints":{"allow":["GET"]}}],"collection":[{"href":"https:\/\/www.farnostrana.cz\/index.php?rest_route=\/wp\/v2\/posts"}],"about":[{"href":"https:\/\/www.farnostrana.cz\/index.php?rest_route=\/wp\/v2\/types\/post"}],"author":[{"embeddable":true,"href":"https:\/\/www.farnostrana.cz\/index.php?rest_route=\/wp\/v2\/users\/1"}],"replies":[{"embeddable":true,"href":"https:\/\/www.farnostrana.cz\/index.php?rest_route=%2Fwp%2Fv2%2Fcomments&post=1029"}],"version-history":[{"count":1,"href":"https:\/\/www.farnostrana.cz\/index.php?rest_route=\/wp\/v2\/posts\/1029\/revisions"}],"predecessor-version":[{"id":1030,"href":"https:\/\/www.farnostrana.cz\/index.php?rest_route=\/wp\/v2\/posts\/1029\/revisions\/1030"}],"wp:attachment":[{"href":"https:\/\/www.farnostrana.cz\/index.php?rest_route=%2Fwp%2Fv2%2Fmedia&parent=1029"}],"wp:term":[{"taxonomy":"category","embeddable":true,"href":"https:\/\/www.farnostrana.cz\/index.php?rest_route=%2Fwp%2Fv2%2Fcategories&post=1029"},{"taxonomy":"post_tag","embeddable":true,"href":"https:\/\/www.farnostrana.cz\/index.php?rest_route=%2Fwp%2Fv2%2Ftags&post=1029"}],"curies":[{"name":"wp","href":"https:\/\/api.w.org\/{rel}","templated":true}]}}